{"id":3729,"date":"2023-08-21T14:26:57","date_gmt":"2023-08-21T12:26:57","guid":{"rendered":"https:\/\/badreljundigallery.com\/gallery-climate-coalition-inicia-su-andadura-en-espana\/"},"modified":"2023-10-25T19:02:02","modified_gmt":"2023-10-25T17:02:02","slug":"gallery-climate-coalition-inicia-su-andadura-en-espana","status":"publish","type":"post","link":"https:\/\/badreljundigallery.com\/en\/gallery-climate-coalition-inicia-su-andadura-en-espana\/","title":{"rendered":"Gallery Climate Coalition begins its journey in Spain"},"content":{"rendered":"<div class=\"bm-builder clearfix \"><div id=\"\" class=\"module col-8 module-id-1696431175924 bm-wrap row-top row-left bm-wrap-height-auto col-offset-2\" data-module-col=\"8\" data-change-color=\"off\" data-backcolor=\"transparent\" data-frontcolor=\"\" data-logocolor=\"\" data-goto-top=\"off\" data-goto-top-spacing=\"0\" data-goto-disable-m=\"off\" data-groupsameheight=\"off\"><div class=\"module-inside group-inside\" style=\"--cornerRadius:0px 0px 0px 0px ; --top-mod: 0px;--bottom-mod: 0px;--top-mod-t: 0px;--bottom-mod-t: 0px;--top-mod-m:0px;--bottom-mod-m:0px;\" ><div id=\"\" class=\"module col-8 module-id-169643117620\" data-module-col=\"8\"><div class=\"module-inside text-inside\" style=\"--top-mod: 40px;--bottom-mod: 40px;--top-mod-t: 40px;--bottom-mod-t: 40px;--top-mod-m:20px;--bottom-mod-m:20px;\" ><div class=\"text_block_out\"  data-effect=\"standard\" style=\"\"><div class=\"text_block ux-mod-nobg\"><div class=\"text_block_inn\"><div id=\"text-169643117620\" class=\"text_block_centered text_block_centered_enable_width\"  style=\"\"><h1 class=\"ct-single__post-title\">Gallery Climate Coalition begins its journey in Spain<\/h1><\/div><\/div><\/div><\/div><\/div><\/div><div id=\"\" class=\"module col-12 module-id-169643117681\" data-module-col=\"12\"><div class=\"module-inside single-image-inside\" style=\"--cornerRadius:0px 0px 0px 0px ; --top-mod: 0px;--bottom-mod: 40px;--top-mod-t: 0px;--bottom-mod-t: 40px;--top-mod-m:0px;--bottom-mod-m:20px;\" ><div class=\"single-image-out  \"  ><figure class=\"single-image   single-image-full   \" no><div class=\"ux-hover-wrap anima-wrap\" style=\"padding-top: 66.8%;\"><span class=\"ux-hover-wrap-a\"><img loading=\"lazy\" decoding=\"async\" alt=\"new_lookingfor\" class=\"single-image-img img1st lazy \" src=\"data:image\/gif;base64,R0lGODlhAQABAIAAAAAAAP\/\/\/yH5BAEAAAAALAAAAAABAAEAAAIBRAA7\" data-src=\"https:\/\/badreljundigallery.com\/wp-content\/uploads\/2023\/09\/GCC_Spain-750x501-1.jpg\" data-srcset=\"https:\/\/badreljundigallery.com\/wp-content\/uploads\/2023\/09\/GCC_Spain-750x501-1.jpg 750w, https:\/\/badreljundigallery.com\/wp-content\/uploads\/2023\/09\/GCC_Spain-750x501-1-300x200.jpg 300w, https:\/\/badreljundigallery.com\/wp-content\/uploads\/2023\/09\/GCC_Spain-750x501-1-350x234.jpg 350w, https:\/\/badreljundigallery.com\/wp-content\/uploads\/2023\/09\/GCC_Spain-750x501-1-arttheme-standard-thumb-650x434.jpg 650w\" data-sizes=\"(max-width: 480px) 320px,(max-width: 767px) 500px,(max-width: 750px) 100vw, 750px\" width=\"750\" height=\"501\" \/><\/span><\/div><\/figure><\/div><\/div><\/div><div id=\"\" class=\"module col-8 module-id-1696431176188\" data-module-col=\"8\"><div class=\"module-inside text-inside\" style=\"--top-mod: 0px;--bottom-mod: 40px;--top-mod-t: 0px;--bottom-mod-t: 40px;--top-mod-m:0px;--bottom-mod-m:20px;\" ><div class=\"text_block_out\"  data-effect=\"standard\" style=\"\"><div class=\"text_block ux-mod-nobg\"><div class=\"text_block_inn\"><div id=\"text-1696431176188\" class=\"text_block_centered text_block_centered_enable_width\"  style=\"\"><p>Gallery Climate Coalition begins its journey in Spain and invites the artistic community to join the coalition in order to implement effective actions against climate change at the state level.<\/p>\r\n<p>&nbsp;<\/p>\r\n<p>The session was welcomed by Heath Lowndes, Director and co-founder of the Gallery Climate Coalition (GCC) in London, and the founding committee of the new GCC Spain team, made up (to date) of Max Andrews and Mariana C\u00e1nepa Luna (Latitudes); Cecilia Dur\u00e1n (Galer\u00eda Senda); Maria Grace de Pedro (Badr El Jundi); Carolina Grau (Independent curator); Carmen Huerta (TAC7); Luc\u00eda Mendoza and Laura Carro (Galeria Luc\u00eda Mendoza ) and Nicky Ure (UreCulture)<\/p>\r\n<p>&nbsp;<\/p>\r\n<p>Access to the video of the presentation: <a class=\"\" href=\"https:\/\/lnkd.in\/d-tQffSa\" target=\"_blank\" rel=\"noopener\"><strong>https:\/\/lnkd.in\/d-tQffSa<\/strong><\/a><\/p><\/div><\/div><\/div><\/div><\/div><\/div><div id=\"\" class=\"module col-12 module-id-1696431176249\" data-module-col=\"12\"><div class=\"module-inside text-inside\" style=\"--top-mod: 0px;--bottom-mod: 0px;--top-mod-t: 0px;--bottom-mod-t: 0px;--top-mod-m:0px;--bottom-mod-m:0px;\" ><div class=\"text_block_out\"  data-effect=\"standard\" style=\"\"><div class=\"text_block ux-mod-nobg\"><div class=\"text_block_inn\"><div id=\"text-1696431176249\" class=\"text_block_centered text_block_centered_enable_width\"  style=\"\"><p><a class=\"link-noticias\" href=\"\/en\/news\">Back to news<\/a><\/p><\/div><\/div><\/div><\/div><\/div><\/div><\/div><\/div><div id=\"\" class=\"module col-8 module-id-1696431176309 bm-wrap row-middle row-left bm-wrap-height-auto\" data-module-col=\"8\" data-change-color=\"off\" data-backcolor=\"transparent\" data-frontcolor=\"\" data-logocolor=\"\" data-goto-top=\"off\" data-goto-top-spacing=\"0\" data-goto-disable-m=\"off\" data-groupsameheight=\"off\"><div class=\"module-inside group-inside\" style=\"--top-mod: 140px;--bottom-mod: 60px;--top-mod-t: 140px;--bottom-mod-t: 60px;--top-mod-m:70px;--bottom-mod-m:70px;\" ><div id=\"\" class=\"module col-8 module-id-1696431176383\" data-module-col=\"8\"><div class=\"module-inside text-inside\" style=\"--top-mod: 0px;--bottom-mod: 40px;--top-mod-t: 0px;--bottom-mod-t: 40px;--top-mod-m:0px;--bottom-mod-m:20px;\" ><div class=\"text_block_out\"  data-effect=\"standard\" style=\"\"><div class=\"text_block ux-mod-nobg\"><div class=\"text_block_inn\"><div id=\"text-1696431176383\" class=\"text_block_centered text_block_centered_enable_width\"  style=\"\"><h3 style=\"font-size: 4vw;\">Subscribe to receive news about our exhibitions, artists and events.<\/h3><\/div><\/div><\/div><\/div><\/div><\/div><\/div><\/div><\/div>","protected":false},"excerpt":{"rendered":"<p>Gallery Climate Coalition begins its journey in SpainGallery Climate Coalition &hellip;<\/p>\n","protected":false},"author":1,"featured_media":3471,"comment_status":"closed","ping_status":"closed","sticky":false,"template":"","format":"standard","meta":{"inline_featured_image":false,"footnotes":""},"categories":[38],"tags":[],"class_list":["post-3729","post","type-post","status-publish","format-standard","has-post-thumbnail","hentry","category-news"],"yoast_head":"<!-- This site is optimized with the Yoast SEO plugin v26.6 - https:\/\/yoast.com\/wordpress\/plugins\/seo\/ -->\n<title>Gallery Climate Coalition begins its journey in Spain - Badr El Jundi | art gallery, Madrid, Espa\u00f1a<\/title>\n<meta name=\"robots\" content=\"index, follow, max-snippet:-1, max-image-preview:large, max-video-preview:-1\" \/>\n<link rel=\"canonical\" href=\"https:\/\/badreljundigallery.com\/en\/gallery-climate-coalition-inicia-su-andadura-en-espana\/\" \/>\n<meta property=\"og:locale\" content=\"en_US\" \/>\n<meta property=\"og:type\" content=\"article\" \/>\n<meta property=\"og:title\" content=\"Gallery Climate Coalition begins its journey in Spain - Badr El Jundi | art gallery, Madrid, Espa\u00f1a\" \/>\n<meta property=\"og:description\" content=\"Gallery Climate Coalition begins its journey in SpainGallery Climate Coalition &hellip;\" \/>\n<meta property=\"og:url\" content=\"https:\/\/badreljundigallery.com\/en\/gallery-climate-coalition-inicia-su-andadura-en-espana\/\" \/>\n<meta property=\"og:site_name\" content=\"Badr El Jundi | art gallery, Madrid, Espa\u00f1a\" \/>\n<meta property=\"article:published_time\" content=\"2023-08-21T12:26:57+00:00\" \/>\n<meta property=\"article:modified_time\" content=\"2023-10-25T17:02:02+00:00\" \/>\n<meta property=\"og:image\" content=\"https:\/\/badreljundigallery.com\/wp-content\/uploads\/2023\/09\/GCC_Spain-750x501-1.jpg\" \/>\n\t<meta property=\"og:image:width\" content=\"750\" \/>\n\t<meta property=\"og:image:height\" content=\"501\" \/>\n\t<meta property=\"og:image:type\" content=\"image\/jpeg\" \/>\n<meta name=\"author\" content=\"jeosaphat\" \/>\n<meta name=\"twitter:card\" content=\"summary_large_image\" \/>\n<meta name=\"twitter:label1\" content=\"Written by\" \/>\n\t<meta name=\"twitter:data1\" content=\"jeosaphat\" \/>\n<script type=\"application\/ld+json\" class=\"yoast-schema-graph\">{\"@context\":\"https:\/\/schema.org\",\"@graph\":[{\"@type\":\"WebPage\",\"@id\":\"https:\/\/badreljundigallery.com\/en\/gallery-climate-coalition-inicia-su-andadura-en-espana\/\",\"url\":\"https:\/\/badreljundigallery.com\/en\/gallery-climate-coalition-inicia-su-andadura-en-espana\/\",\"name\":\"Gallery Climate Coalition begins its journey in Spain - Badr El Jundi | art gallery, Madrid, Espa\u00f1a\",\"isPartOf\":{\"@id\":\"https:\/\/badreljundigallery.com\/en\/#website\"},\"primaryImageOfPage\":{\"@id\":\"https:\/\/badreljundigallery.com\/en\/gallery-climate-coalition-inicia-su-andadura-en-espana\/#primaryimage\"},\"image\":{\"@id\":\"https:\/\/badreljundigallery.com\/en\/gallery-climate-coalition-inicia-su-andadura-en-espana\/#primaryimage\"},\"thumbnailUrl\":\"https:\/\/badreljundigallery.com\/wp-content\/uploads\/2023\/09\/GCC_Spain-750x501-1.jpg\",\"datePublished\":\"2023-08-21T12:26:57+00:00\",\"dateModified\":\"2023-10-25T17:02:02+00:00\",\"author\":{\"@id\":\"https:\/\/badreljundigallery.com\/en\/#\/schema\/person\/76b216190aac374089097e3eecdab448\"},\"breadcrumb\":{\"@id\":\"https:\/\/badreljundigallery.com\/en\/gallery-climate-coalition-inicia-su-andadura-en-espana\/#breadcrumb\"},\"inLanguage\":\"en-US\",\"potentialAction\":[{\"@type\":\"ReadAction\",\"target\":[\"https:\/\/badreljundigallery.com\/en\/gallery-climate-coalition-inicia-su-andadura-en-espana\/\"]}]},{\"@type\":\"ImageObject\",\"inLanguage\":\"en-US\",\"@id\":\"https:\/\/badreljundigallery.com\/en\/gallery-climate-coalition-inicia-su-andadura-en-espana\/#primaryimage\",\"url\":\"https:\/\/badreljundigallery.com\/wp-content\/uploads\/2023\/09\/GCC_Spain-750x501-1.jpg\",\"contentUrl\":\"https:\/\/badreljundigallery.com\/wp-content\/uploads\/2023\/09\/GCC_Spain-750x501-1.jpg\",\"width\":750,\"height\":501,\"caption\":\"GCC Spain\"},{\"@type\":\"BreadcrumbList\",\"@id\":\"https:\/\/badreljundigallery.com\/en\/gallery-climate-coalition-inicia-su-andadura-en-espana\/#breadcrumb\",\"itemListElement\":[{\"@type\":\"ListItem\",\"position\":1,\"name\":\"Front page\",\"item\":\"https:\/\/badreljundigallery.com\/en\/\"},{\"@type\":\"ListItem\",\"position\":2,\"name\":\"Gallery Climate Coalition begins its journey in Spain\"}]},{\"@type\":\"WebSite\",\"@id\":\"https:\/\/badreljundigallery.com\/en\/#website\",\"url\":\"https:\/\/badreljundigallery.com\/en\/\",\"name\":\"Badr El Jundi | art gallery, Madrid, Espa\u00f1a\",\"description\":\"Badr El Jundi | art gallery, Madrid, Espa\u00f1a\",\"potentialAction\":[{\"@type\":\"SearchAction\",\"target\":{\"@type\":\"EntryPoint\",\"urlTemplate\":\"https:\/\/badreljundigallery.com\/en\/?s={search_term_string}\"},\"query-input\":{\"@type\":\"PropertyValueSpecification\",\"valueRequired\":true,\"valueName\":\"search_term_string\"}}],\"inLanguage\":\"en-US\"},{\"@type\":\"Person\",\"@id\":\"https:\/\/badreljundigallery.com\/en\/#\/schema\/person\/76b216190aac374089097e3eecdab448\",\"name\":\"jeosaphat\",\"image\":{\"@type\":\"ImageObject\",\"inLanguage\":\"en-US\",\"@id\":\"https:\/\/badreljundigallery.com\/en\/#\/schema\/person\/image\/\",\"url\":\"https:\/\/secure.gravatar.com\/avatar\/d247ab40f494277684dd0e3edba8faa81c6ee44f072169935779bd9e86791d4e?s=96&d=mm&r=g\",\"contentUrl\":\"https:\/\/secure.gravatar.com\/avatar\/d247ab40f494277684dd0e3edba8faa81c6ee44f072169935779bd9e86791d4e?s=96&d=mm&r=g\",\"caption\":\"jeosaphat\"},\"sameAs\":[\"https:\/\/badreljundigallery.com\"],\"url\":\"https:\/\/badreljundigallery.com\/en\/author\/badr_admin\/\"}]}<\/script>\n<!-- \/ Yoast SEO plugin. -->","yoast_head_json":{"title":"Gallery Climate Coalition begins its journey in Spain - Badr El Jundi | art gallery, Madrid, Espa\u00f1a","robots":{"index":"index","follow":"follow","max-snippet":"max-snippet:-1","max-image-preview":"max-image-preview:large","max-video-preview":"max-video-preview:-1"},"canonical":"https:\/\/badreljundigallery.com\/en\/gallery-climate-coalition-inicia-su-andadura-en-espana\/","og_locale":"en_US","og_type":"article","og_title":"Gallery Climate Coalition begins its journey in Spain - Badr El Jundi | art gallery, Madrid, Espa\u00f1a","og_description":"Gallery Climate Coalition begins its journey in SpainGallery Climate Coalition &hellip;","og_url":"https:\/\/badreljundigallery.com\/en\/gallery-climate-coalition-inicia-su-andadura-en-espana\/","og_site_name":"Badr El Jundi | art gallery, Madrid, Espa\u00f1a","article_published_time":"2023-08-21T12:26:57+00:00","article_modified_time":"2023-10-25T17:02:02+00:00","og_image":[{"width":750,"height":501,"url":"https:\/\/badreljundigallery.com\/wp-content\/uploads\/2023\/09\/GCC_Spain-750x501-1.jpg","type":"image\/jpeg"}],"author":"jeosaphat","twitter_card":"summary_large_image","twitter_misc":{"Written by":"jeosaphat"},"schema":{"@context":"https:\/\/schema.org","@graph":[{"@type":"WebPage","@id":"https:\/\/badreljundigallery.com\/en\/gallery-climate-coalition-inicia-su-andadura-en-espana\/","url":"https:\/\/badreljundigallery.com\/en\/gallery-climate-coalition-inicia-su-andadura-en-espana\/","name":"Gallery Climate Coalition begins its journey in Spain - Badr El Jundi | art gallery, Madrid, Espa\u00f1a","isPartOf":{"@id":"https:\/\/badreljundigallery.com\/en\/#website"},"primaryImageOfPage":{"@id":"https:\/\/badreljundigallery.com\/en\/gallery-climate-coalition-inicia-su-andadura-en-espana\/#primaryimage"},"image":{"@id":"https:\/\/badreljundigallery.com\/en\/gallery-climate-coalition-inicia-su-andadura-en-espana\/#primaryimage"},"thumbnailUrl":"https:\/\/badreljundigallery.com\/wp-content\/uploads\/2023\/09\/GCC_Spain-750x501-1.jpg","datePublished":"2023-08-21T12:26:57+00:00","dateModified":"2023-10-25T17:02:02+00:00","author":{"@id":"https:\/\/badreljundigallery.com\/en\/#\/schema\/person\/76b216190aac374089097e3eecdab448"},"breadcrumb":{"@id":"https:\/\/badreljundigallery.com\/en\/gallery-climate-coalition-inicia-su-andadura-en-espana\/#breadcrumb"},"inLanguage":"en-US","potentialAction":[{"@type":"ReadAction","target":["https:\/\/badreljundigallery.com\/en\/gallery-climate-coalition-inicia-su-andadura-en-espana\/"]}]},{"@type":"ImageObject","inLanguage":"en-US","@id":"https:\/\/badreljundigallery.com\/en\/gallery-climate-coalition-inicia-su-andadura-en-espana\/#primaryimage","url":"https:\/\/badreljundigallery.com\/wp-content\/uploads\/2023\/09\/GCC_Spain-750x501-1.jpg","contentUrl":"https:\/\/badreljundigallery.com\/wp-content\/uploads\/2023\/09\/GCC_Spain-750x501-1.jpg","width":750,"height":501,"caption":"GCC Spain"},{"@type":"BreadcrumbList","@id":"https:\/\/badreljundigallery.com\/en\/gallery-climate-coalition-inicia-su-andadura-en-espana\/#breadcrumb","itemListElement":[{"@type":"ListItem","position":1,"name":"Front page","item":"https:\/\/badreljundigallery.com\/en\/"},{"@type":"ListItem","position":2,"name":"Gallery Climate Coalition begins its journey in Spain"}]},{"@type":"WebSite","@id":"https:\/\/badreljundigallery.com\/en\/#website","url":"https:\/\/badreljundigallery.com\/en\/","name":"Badr El Jundi | art gallery, Madrid, Espa\u00f1a","description":"Badr El Jundi | art gallery, Madrid, Espa\u00f1a","potentialAction":[{"@type":"SearchAction","target":{"@type":"EntryPoint","urlTemplate":"https:\/\/badreljundigallery.com\/en\/?s={search_term_string}"},"query-input":{"@type":"PropertyValueSpecification","valueRequired":true,"valueName":"search_term_string"}}],"inLanguage":"en-US"},{"@type":"Person","@id":"https:\/\/badreljundigallery.com\/en\/#\/schema\/person\/76b216190aac374089097e3eecdab448","name":"jeosaphat","image":{"@type":"ImageObject","inLanguage":"en-US","@id":"https:\/\/badreljundigallery.com\/en\/#\/schema\/person\/image\/","url":"https:\/\/secure.gravatar.com\/avatar\/d247ab40f494277684dd0e3edba8faa81c6ee44f072169935779bd9e86791d4e?s=96&d=mm&r=g","contentUrl":"https:\/\/secure.gravatar.com\/avatar\/d247ab40f494277684dd0e3edba8faa81c6ee44f072169935779bd9e86791d4e?s=96&d=mm&r=g","caption":"jeosaphat"},"sameAs":["https:\/\/badreljundigallery.com"],"url":"https:\/\/badreljundigallery.com\/en\/author\/badr_admin\/"}]}},"_links":{"self":[{"href":"https:\/\/badreljundigallery.com\/en\/wp-json\/wp\/v2\/posts\/3729","targetHints":{"allow":["GET"]}}],"collection":[{"href":"https:\/\/badreljundigallery.com\/en\/wp-json\/wp\/v2\/posts"}],"about":[{"href":"https:\/\/badreljundigallery.com\/en\/wp-json\/wp\/v2\/types\/post"}],"author":[{"embeddable":true,"href":"https:\/\/badreljundigallery.com\/en\/wp-json\/wp\/v2\/users\/1"}],"replies":[{"embeddable":true,"href":"https:\/\/badreljundigallery.com\/en\/wp-json\/wp\/v2\/comments?post=3729"}],"version-history":[{"count":2,"href":"https:\/\/badreljundigallery.com\/en\/wp-json\/wp\/v2\/posts\/3729\/revisions"}],"predecessor-version":[{"id":3740,"href":"https:\/\/badreljundigallery.com\/en\/wp-json\/wp\/v2\/posts\/3729\/revisions\/3740"}],"wp:featuredmedia":[{"embeddable":true,"href":"https:\/\/badreljundigallery.com\/en\/wp-json\/wp\/v2\/media\/3471"}],"wp:attachment":[{"href":"https:\/\/badreljundigallery.com\/en\/wp-json\/wp\/v2\/media?parent=3729"}],"wp:term":[{"taxonomy":"category","embeddable":true,"href":"https:\/\/badreljundigallery.com\/en\/wp-json\/wp\/v2\/categories?post=3729"},{"taxonomy":"post_tag","embeddable":true,"href":"https:\/\/badreljundigallery.com\/en\/wp-json\/wp\/v2\/tags?post=3729"}],"curies":[{"name":"wp","href":"https:\/\/api.w.org\/{rel}","templated":true}]}}