{"id":3750,"date":"2023-06-22T12:05:17","date_gmt":"2023-06-22T10:05:17","guid":{"rendered":"https:\/\/badreljundigallery.com\/taschen-event-with-ivan-forcadell\/"},"modified":"2023-10-25T18:58:34","modified_gmt":"2023-10-25T16:58:34","slug":"hola-mundo","status":"publish","type":"post","link":"https:\/\/badreljundigallery.com\/en\/hola-mundo\/","title":{"rendered":"TASCHEN event with Iv\u00e1n Forcadell"},"content":{"rendered":"<div class=\"bm-builder clearfix \"><div id=\"\" class=\"module col-8 module-id-1696437726682 bm-wrap row-top row-left bm-wrap-height-auto col-offset-2\" data-module-col=\"8\" data-change-color=\"off\" data-backcolor=\"transparent\" data-frontcolor=\"\" data-logocolor=\"\" data-goto-top=\"off\" data-goto-top-spacing=\"0\" data-goto-disable-m=\"off\" data-groupsameheight=\"off\"><div class=\"module-inside group-inside\" style=\"--cornerRadius:0px 0px 0px 0px ; --top-mod: 0px;--bottom-mod: 0px;--top-mod-t: 0px;--bottom-mod-t: 0px;--top-mod-m:0px;--bottom-mod-m:0px;\" ><div id=\"\" class=\"module col-8 module-id-1696437726775\" data-module-col=\"8\"><div class=\"module-inside text-inside\" style=\"--top-mod: 40px;--bottom-mod: 40px;--top-mod-t: 40px;--bottom-mod-t: 40px;--top-mod-m:20px;--bottom-mod-m:20px;\" ><div class=\"text_block_out\"  data-effect=\"standard\" style=\"\"><div class=\"text_block ux-mod-nobg\"><div class=\"text_block_inn\"><div id=\"text-1696437726775\" class=\"text_block_centered text_block_centered_enable_width\"  style=\"\"><h1 class=\"title-wrap-tit\">TASCHEN event with Iv\u00e1n Forcadell<\/h1><\/div><\/div><\/div><\/div><\/div><\/div><div id=\"\" class=\"module col-12 module-id-1696437726833\" data-module-col=\"12\"><div class=\"module-inside single-image-inside\" style=\"--cornerRadius:0px 0px 0px 0px ; --top-mod: 0px;--bottom-mod: 40px;--top-mod-t: 0px;--bottom-mod-t: 40px;--top-mod-m:0px;--bottom-mod-m:20px;\" ><div class=\"single-image-out  \"  ><figure class=\"single-image   single-image-full   \" no><div class=\"ux-hover-wrap anima-wrap\" style=\"padding-top: 66.8%;\"><span class=\"ux-hover-wrap-a\"><img loading=\"lazy\" decoding=\"async\" alt=\"Screenshot-2ddd023-06-27-at-1.33.54-PM-750&#215;501\" class=\"single-image-img img1st lazy \" src=\"data:image\/gif;base64,R0lGODlhAQABAIAAAAAAAP\/\/\/yH5BAEAAAAALAAAAAABAAEAAAIBRAA7\" data-src=\"https:\/\/badreljundigallery.com\/wp-content\/uploads\/2023\/08\/Screenshot-2ddd023-06-27-at-1.33.54-PM-750x501-1.jpg\" data-srcset=\"https:\/\/badreljundigallery.com\/wp-content\/uploads\/2023\/08\/Screenshot-2ddd023-06-27-at-1.33.54-PM-750x501-1.jpg 750w, https:\/\/badreljundigallery.com\/wp-content\/uploads\/2023\/08\/Screenshot-2ddd023-06-27-at-1.33.54-PM-750x501-1-300x200.jpg 300w, https:\/\/badreljundigallery.com\/wp-content\/uploads\/2023\/08\/Screenshot-2ddd023-06-27-at-1.33.54-PM-750x501-1-350x234.jpg 350w, https:\/\/badreljundigallery.com\/wp-content\/uploads\/2023\/08\/Screenshot-2ddd023-06-27-at-1.33.54-PM-750x501-1-arttheme-standard-thumb-650x434.jpg 650w, https:\/\/badreljundigallery.com\/wp-content\/uploads\/2023\/08\/Screenshot-2ddd023-06-27-at-1.33.54-PM-750x501-1-600x401.jpg 600w\" data-sizes=\"(max-width: 480px) 320px,(max-width: 767px) 500px,(max-width: 750px) 100vw, 750px\" width=\"750\" height=\"501\" \/><\/span><\/div><\/figure><\/div><\/div><\/div><div id=\"\" class=\"module col-8 module-id-1696437726936\" data-module-col=\"8\"><div class=\"module-inside text-inside\" style=\"--top-mod: 0px;--bottom-mod: 40px;--top-mod-t: 0px;--bottom-mod-t: 40px;--top-mod-m:0px;--bottom-mod-m:20px;\" ><div class=\"text_block_out\"  data-effect=\"standard\" style=\"\"><div class=\"text_block ux-mod-nobg\"><div class=\"text_block_inn\"><div id=\"text-1696437726936\" class=\"text_block_centered text_block_centered_enable_width\"  style=\"\"><p>On Friday, June 22, a collaborative event with TASCHEN took place.<\/p>\r\n<p>&nbsp;<\/p>\r\n<p>Celebrating the link between food and art, the book \u201cThe Gourmand\u2019s Egg. A Collection of Stories and Recipes\u201d was presented at TASCHEN Madrid. Afterwards the action proceeded to the space of Badr El Jundi gallery, where a visit and appetizer was held for the occasion of the exhibition \u201cThe Last Slice\u201d, with the presence of the artist Iv\u00e1n Forcadell.<\/p><\/div><\/div><\/div><\/div><\/div><\/div><div id=\"\" class=\"module col-12 module-id-1696437892120\" data-module-col=\"12\"><div class=\"module-inside single-image-inside\" style=\"--cornerRadius:0px 0px 0px 0px ; --top-mod: 0px;--bottom-mod: 0px;--top-mod-t: 0px;--bottom-mod-t: 0px;--top-mod-m:0px;--bottom-mod-m:0px;\" ><div class=\"single-image-out  \"  ><figure class=\"single-image   single-image-full   \" no><div class=\"ux-hover-wrap anima-wrap\" style=\"padding-top: 133.21492007105%;\"><span class=\"ux-hover-wrap-a\"><img loading=\"lazy\" decoding=\"async\" alt=\"La primera cena del verano Badr Taschen\" class=\"single-image-img img1st lazy \" src=\"data:image\/gif;base64,R0lGODlhAQABAIAAAAAAAP\/\/\/yH5BAEAAAAALAAAAAABAAEAAAIBRAA7\" data-src=\"https:\/\/badreljundigallery.com\/wp-content\/uploads\/2023\/08\/La-primera-cena-del-verano_Badr_Taschen_08-563x750-1.jpeg\" data-srcset=\"https:\/\/badreljundigallery.com\/wp-content\/uploads\/2023\/08\/La-primera-cena-del-verano_Badr_Taschen_08-563x750-1.jpeg 563w, https:\/\/badreljundigallery.com\/wp-content\/uploads\/2023\/08\/La-primera-cena-del-verano_Badr_Taschen_08-563x750-1-225x300.jpeg 225w, https:\/\/badreljundigallery.com\/wp-content\/uploads\/2023\/08\/La-primera-cena-del-verano_Badr_Taschen_08-563x750-1-350x466.jpeg 350w\" data-sizes=\"(max-width: 480px) 320px,(max-width: 767px) 500px,(max-width: 563px) 100vw, 563px\" width=\"563\" height=\"750\" \/><\/span><\/div><\/figure><\/div><\/div><\/div><div id=\"\" class=\"module col-12 module-id-1696437960149\" data-module-col=\"12\"><div class=\"module-inside text-inside\" style=\"--top-mod: 40px;--bottom-mod: 0px;--top-mod-t: 40px;--bottom-mod-t: 0px;--top-mod-m:20px;--bottom-mod-m:0px;\" ><div class=\"text_block_out\"  data-effect=\"standard\" style=\"\"><div class=\"text_block ux-mod-nobg\"><div class=\"text_block_inn\"><div id=\"text-1696437960149\" class=\"text_block_centered text_block_centered_enable_width\"  style=\"\"><p>Forcadell created the ephemeral installation \u201cThe first dinner of the summer\u201d, to celebrate the summer solstice, once again combining art and food, the installation behaved like a living still life in the middle of an exhibition hall.<\/p><\/div><\/div><\/div><\/div><\/div><\/div><div id=\"\" class=\"module col-12 module-id-1696518612687\" data-module-col=\"12\"><div class=\"module-inside single-image-inside\" style=\"--cornerRadius:0px 0px 0px 0px ; --top-mod: 40px;--bottom-mod: 0px;--top-mod-t: 40px;--bottom-mod-t: 0px;--top-mod-m:20px;--bottom-mod-m:0px;\" ><div class=\"single-image-out  \"  ><figure class=\"single-image   single-image-full   \" no><div class=\"ux-hover-wrap anima-wrap\" style=\"padding-top: 135.37906137184%;\"><span class=\"ux-hover-wrap-a\"><img loading=\"lazy\" decoding=\"async\" alt=\"La primera cena del verano Badr Taschen\" class=\"single-image-img img1st lazy \" src=\"data:image\/gif;base64,R0lGODlhAQABAIAAAAAAAP\/\/\/yH5BAEAAAAALAAAAAABAAEAAAIBRAA7\" data-src=\"https:\/\/badreljundigallery.com\/wp-content\/uploads\/2023\/08\/La-primera-cena-del-verano_Badr_Taschen_18-554x750-1.jpg\" data-srcset=\"https:\/\/badreljundigallery.com\/wp-content\/uploads\/2023\/08\/La-primera-cena-del-verano_Badr_Taschen_18-554x750-1.jpg 554w, https:\/\/badreljundigallery.com\/wp-content\/uploads\/2023\/08\/La-primera-cena-del-verano_Badr_Taschen_18-554x750-1-222x300.jpg 222w, https:\/\/badreljundigallery.com\/wp-content\/uploads\/2023\/08\/La-primera-cena-del-verano_Badr_Taschen_18-554x750-1-350x474.jpg 350w\" data-sizes=\"(max-width: 480px) 320px,(max-width: 767px) 500px,(max-width: 554px) 100vw, 554px\" width=\"554\" height=\"750\" \/><\/span><\/div><\/figure><\/div><\/div><\/div><div id=\"\" class=\"module col-12 module-id-1696437726995\" data-module-col=\"12\"><div class=\"module-inside text-inside\" style=\"--top-mod: 0px;--bottom-mod: 0px;--top-mod-t: 0px;--bottom-mod-t: 0px;--top-mod-m:0px;--bottom-mod-m:0px;\" ><div class=\"text_block_out\"  data-effect=\"standard\" style=\"\"><div class=\"text_block ux-mod-nobg\"><div class=\"text_block_inn\"><div id=\"text-1696437726995\" class=\"text_block_centered text_block_centered_enable_width\"  style=\"\"><p><a class=\"link-noticias\" href=\"\/en\/news\">Back to news<\/a><\/p><\/div><\/div><\/div><\/div><\/div><\/div><\/div><\/div><div id=\"\" class=\"module col-8 module-id-169643772754 bm-wrap row-middle row-left bm-wrap-height-auto\" data-module-col=\"8\" data-change-color=\"off\" data-backcolor=\"transparent\" data-frontcolor=\"\" data-logocolor=\"\" data-goto-top=\"off\" data-goto-top-spacing=\"0\" data-goto-disable-m=\"off\" data-groupsameheight=\"off\"><div class=\"module-inside group-inside\" style=\"--top-mod: 160px;--bottom-mod: 60px;--top-mod-t: 160px;--bottom-mod-t: 60px;--top-mod-m:80px;--bottom-mod-m:70px;\" ><div id=\"\" class=\"module col-8 module-id-1696437727123\" data-module-col=\"8\"><div class=\"module-inside text-inside\" style=\"--top-mod: 0px;--bottom-mod: 40px;--top-mod-t: 0px;--bottom-mod-t: 40px;--top-mod-m:0px;--bottom-mod-m:20px;\" ><div class=\"text_block_out\"  data-effect=\"standard\" style=\"\"><div class=\"text_block ux-mod-nobg\"><div class=\"text_block_inn\"><div id=\"text-1696437727123\" class=\"text_block_centered text_block_centered_enable_width\"  style=\"\"><h3 style=\"font-size: 4vw;\">Subscribe to receive news about our exhibitions, artists and events.<\/h3><\/div><\/div><\/div><\/div><\/div><\/div><\/div><\/div><\/div>","protected":false},"excerpt":{"rendered":"<p>TASCHEN event with Iv\u00e1n ForcadellOn Friday, June 22, a collaborative &hellip;<\/p>\n","protected":false},"author":1,"featured_media":3175,"comment_status":"closed","ping_status":"closed","sticky":false,"template":"","format":"standard","meta":{"inline_featured_image":false,"footnotes":""},"categories":[139,38],"tags":[],"class_list":["post-3750","post","type-post","status-publish","format-standard","has-post-thumbnail","hentry","category-ivan-forcadell-en","category-news"],"yoast_head":"<!-- This site is optimized with the Yoast SEO plugin v26.6 - https:\/\/yoast.com\/wordpress\/plugins\/seo\/ -->\n<title>TASCHEN event with Iv\u00e1n Forcadell - Badr El Jundi | art gallery, Madrid, Espa\u00f1a<\/title>\n<meta name=\"robots\" content=\"index, follow, max-snippet:-1, max-image-preview:large, max-video-preview:-1\" \/>\n<link rel=\"canonical\" href=\"https:\/\/badreljundigallery.com\/en\/hola-mundo\/\" \/>\n<meta property=\"og:locale\" content=\"en_US\" \/>\n<meta property=\"og:type\" content=\"article\" \/>\n<meta property=\"og:title\" content=\"TASCHEN event with Iv\u00e1n Forcadell - Badr El Jundi | art gallery, Madrid, Espa\u00f1a\" \/>\n<meta property=\"og:description\" content=\"TASCHEN event with Iv\u00e1n ForcadellOn Friday, June 22, a collaborative &hellip;\" \/>\n<meta property=\"og:url\" content=\"https:\/\/badreljundigallery.com\/en\/hola-mundo\/\" \/>\n<meta property=\"og:site_name\" content=\"Badr El Jundi | art gallery, Madrid, Espa\u00f1a\" \/>\n<meta property=\"article:published_time\" content=\"2023-06-22T10:05:17+00:00\" \/>\n<meta property=\"article:modified_time\" content=\"2023-10-25T16:58:34+00:00\" \/>\n<meta property=\"og:image\" content=\"https:\/\/badreljundigallery.com\/wp-content\/uploads\/2023\/08\/Screenshot-2ddd023-06-27-at-1.33.54-PM-750x501-1.jpg\" \/>\n\t<meta property=\"og:image:width\" content=\"750\" \/>\n\t<meta property=\"og:image:height\" content=\"501\" \/>\n\t<meta property=\"og:image:type\" content=\"image\/jpeg\" \/>\n<meta name=\"author\" content=\"jeosaphat\" \/>\n<meta name=\"twitter:card\" content=\"summary_large_image\" \/>\n<meta name=\"twitter:label1\" content=\"Written by\" \/>\n\t<meta name=\"twitter:data1\" content=\"jeosaphat\" \/>\n<script type=\"application\/ld+json\" class=\"yoast-schema-graph\">{\"@context\":\"https:\/\/schema.org\",\"@graph\":[{\"@type\":\"WebPage\",\"@id\":\"https:\/\/badreljundigallery.com\/en\/hola-mundo\/\",\"url\":\"https:\/\/badreljundigallery.com\/en\/hola-mundo\/\",\"name\":\"TASCHEN event with Iv\u00e1n Forcadell - Badr El Jundi | art gallery, Madrid, Espa\u00f1a\",\"isPartOf\":{\"@id\":\"https:\/\/badreljundigallery.com\/en\/#website\"},\"primaryImageOfPage\":{\"@id\":\"https:\/\/badreljundigallery.com\/en\/hola-mundo\/#primaryimage\"},\"image\":{\"@id\":\"https:\/\/badreljundigallery.com\/en\/hola-mundo\/#primaryimage\"},\"thumbnailUrl\":\"https:\/\/badreljundigallery.com\/wp-content\/uploads\/2023\/08\/Screenshot-2ddd023-06-27-at-1.33.54-PM-750x501-1.jpg\",\"datePublished\":\"2023-06-22T10:05:17+00:00\",\"dateModified\":\"2023-10-25T16:58:34+00:00\",\"author\":{\"@id\":\"https:\/\/badreljundigallery.com\/en\/#\/schema\/person\/76b216190aac374089097e3eecdab448\"},\"breadcrumb\":{\"@id\":\"https:\/\/badreljundigallery.com\/en\/hola-mundo\/#breadcrumb\"},\"inLanguage\":\"en-US\",\"potentialAction\":[{\"@type\":\"ReadAction\",\"target\":[\"https:\/\/badreljundigallery.com\/en\/hola-mundo\/\"]}]},{\"@type\":\"ImageObject\",\"inLanguage\":\"en-US\",\"@id\":\"https:\/\/badreljundigallery.com\/en\/hola-mundo\/#primaryimage\",\"url\":\"https:\/\/badreljundigallery.com\/wp-content\/uploads\/2023\/08\/Screenshot-2ddd023-06-27-at-1.33.54-PM-750x501-1.jpg\",\"contentUrl\":\"https:\/\/badreljundigallery.com\/wp-content\/uploads\/2023\/08\/Screenshot-2ddd023-06-27-at-1.33.54-PM-750x501-1.jpg\",\"width\":750,\"height\":501},{\"@type\":\"BreadcrumbList\",\"@id\":\"https:\/\/badreljundigallery.com\/en\/hola-mundo\/#breadcrumb\",\"itemListElement\":[{\"@type\":\"ListItem\",\"position\":1,\"name\":\"Front page\",\"item\":\"https:\/\/badreljundigallery.com\/en\/\"},{\"@type\":\"ListItem\",\"position\":2,\"name\":\"TASCHEN event with Iv\u00e1n Forcadell\"}]},{\"@type\":\"WebSite\",\"@id\":\"https:\/\/badreljundigallery.com\/en\/#website\",\"url\":\"https:\/\/badreljundigallery.com\/en\/\",\"name\":\"Badr El Jundi | art gallery, Madrid, Espa\u00f1a\",\"description\":\"Badr El Jundi | art gallery, Madrid, Espa\u00f1a\",\"potentialAction\":[{\"@type\":\"SearchAction\",\"target\":{\"@type\":\"EntryPoint\",\"urlTemplate\":\"https:\/\/badreljundigallery.com\/en\/?s={search_term_string}\"},\"query-input\":{\"@type\":\"PropertyValueSpecification\",\"valueRequired\":true,\"valueName\":\"search_term_string\"}}],\"inLanguage\":\"en-US\"},{\"@type\":\"Person\",\"@id\":\"https:\/\/badreljundigallery.com\/en\/#\/schema\/person\/76b216190aac374089097e3eecdab448\",\"name\":\"jeosaphat\",\"image\":{\"@type\":\"ImageObject\",\"inLanguage\":\"en-US\",\"@id\":\"https:\/\/badreljundigallery.com\/en\/#\/schema\/person\/image\/\",\"url\":\"https:\/\/secure.gravatar.com\/avatar\/d247ab40f494277684dd0e3edba8faa81c6ee44f072169935779bd9e86791d4e?s=96&d=mm&r=g\",\"contentUrl\":\"https:\/\/secure.gravatar.com\/avatar\/d247ab40f494277684dd0e3edba8faa81c6ee44f072169935779bd9e86791d4e?s=96&d=mm&r=g\",\"caption\":\"jeosaphat\"},\"sameAs\":[\"https:\/\/badreljundigallery.com\"],\"url\":\"https:\/\/badreljundigallery.com\/en\/author\/badr_admin\/\"}]}<\/script>\n<!-- \/ Yoast SEO plugin. -->","yoast_head_json":{"title":"TASCHEN event with Iv\u00e1n Forcadell - Badr El Jundi | art gallery, Madrid, Espa\u00f1a","robots":{"index":"index","follow":"follow","max-snippet":"max-snippet:-1","max-image-preview":"max-image-preview:large","max-video-preview":"max-video-preview:-1"},"canonical":"https:\/\/badreljundigallery.com\/en\/hola-mundo\/","og_locale":"en_US","og_type":"article","og_title":"TASCHEN event with Iv\u00e1n Forcadell - Badr El Jundi | art gallery, Madrid, Espa\u00f1a","og_description":"TASCHEN event with Iv\u00e1n ForcadellOn Friday, June 22, a collaborative &hellip;","og_url":"https:\/\/badreljundigallery.com\/en\/hola-mundo\/","og_site_name":"Badr El Jundi | art gallery, Madrid, Espa\u00f1a","article_published_time":"2023-06-22T10:05:17+00:00","article_modified_time":"2023-10-25T16:58:34+00:00","og_image":[{"width":750,"height":501,"url":"https:\/\/badreljundigallery.com\/wp-content\/uploads\/2023\/08\/Screenshot-2ddd023-06-27-at-1.33.54-PM-750x501-1.jpg","type":"image\/jpeg"}],"author":"jeosaphat","twitter_card":"summary_large_image","twitter_misc":{"Written by":"jeosaphat"},"schema":{"@context":"https:\/\/schema.org","@graph":[{"@type":"WebPage","@id":"https:\/\/badreljundigallery.com\/en\/hola-mundo\/","url":"https:\/\/badreljundigallery.com\/en\/hola-mundo\/","name":"TASCHEN event with Iv\u00e1n Forcadell - Badr El Jundi | art gallery, Madrid, Espa\u00f1a","isPartOf":{"@id":"https:\/\/badreljundigallery.com\/en\/#website"},"primaryImageOfPage":{"@id":"https:\/\/badreljundigallery.com\/en\/hola-mundo\/#primaryimage"},"image":{"@id":"https:\/\/badreljundigallery.com\/en\/hola-mundo\/#primaryimage"},"thumbnailUrl":"https:\/\/badreljundigallery.com\/wp-content\/uploads\/2023\/08\/Screenshot-2ddd023-06-27-at-1.33.54-PM-750x501-1.jpg","datePublished":"2023-06-22T10:05:17+00:00","dateModified":"2023-10-25T16:58:34+00:00","author":{"@id":"https:\/\/badreljundigallery.com\/en\/#\/schema\/person\/76b216190aac374089097e3eecdab448"},"breadcrumb":{"@id":"https:\/\/badreljundigallery.com\/en\/hola-mundo\/#breadcrumb"},"inLanguage":"en-US","potentialAction":[{"@type":"ReadAction","target":["https:\/\/badreljundigallery.com\/en\/hola-mundo\/"]}]},{"@type":"ImageObject","inLanguage":"en-US","@id":"https:\/\/badreljundigallery.com\/en\/hola-mundo\/#primaryimage","url":"https:\/\/badreljundigallery.com\/wp-content\/uploads\/2023\/08\/Screenshot-2ddd023-06-27-at-1.33.54-PM-750x501-1.jpg","contentUrl":"https:\/\/badreljundigallery.com\/wp-content\/uploads\/2023\/08\/Screenshot-2ddd023-06-27-at-1.33.54-PM-750x501-1.jpg","width":750,"height":501},{"@type":"BreadcrumbList","@id":"https:\/\/badreljundigallery.com\/en\/hola-mundo\/#breadcrumb","itemListElement":[{"@type":"ListItem","position":1,"name":"Front page","item":"https:\/\/badreljundigallery.com\/en\/"},{"@type":"ListItem","position":2,"name":"TASCHEN event with Iv\u00e1n Forcadell"}]},{"@type":"WebSite","@id":"https:\/\/badreljundigallery.com\/en\/#website","url":"https:\/\/badreljundigallery.com\/en\/","name":"Badr El Jundi | art gallery, Madrid, Espa\u00f1a","description":"Badr El Jundi | art gallery, Madrid, Espa\u00f1a","potentialAction":[{"@type":"SearchAction","target":{"@type":"EntryPoint","urlTemplate":"https:\/\/badreljundigallery.com\/en\/?s={search_term_string}"},"query-input":{"@type":"PropertyValueSpecification","valueRequired":true,"valueName":"search_term_string"}}],"inLanguage":"en-US"},{"@type":"Person","@id":"https:\/\/badreljundigallery.com\/en\/#\/schema\/person\/76b216190aac374089097e3eecdab448","name":"jeosaphat","image":{"@type":"ImageObject","inLanguage":"en-US","@id":"https:\/\/badreljundigallery.com\/en\/#\/schema\/person\/image\/","url":"https:\/\/secure.gravatar.com\/avatar\/d247ab40f494277684dd0e3edba8faa81c6ee44f072169935779bd9e86791d4e?s=96&d=mm&r=g","contentUrl":"https:\/\/secure.gravatar.com\/avatar\/d247ab40f494277684dd0e3edba8faa81c6ee44f072169935779bd9e86791d4e?s=96&d=mm&r=g","caption":"jeosaphat"},"sameAs":["https:\/\/badreljundigallery.com"],"url":"https:\/\/badreljundigallery.com\/en\/author\/badr_admin\/"}]}},"_links":{"self":[{"href":"https:\/\/badreljundigallery.com\/en\/wp-json\/wp\/v2\/posts\/3750","targetHints":{"allow":["GET"]}}],"collection":[{"href":"https:\/\/badreljundigallery.com\/en\/wp-json\/wp\/v2\/posts"}],"about":[{"href":"https:\/\/badreljundigallery.com\/en\/wp-json\/wp\/v2\/types\/post"}],"author":[{"embeddable":true,"href":"https:\/\/badreljundigallery.com\/en\/wp-json\/wp\/v2\/users\/1"}],"replies":[{"embeddable":true,"href":"https:\/\/badreljundigallery.com\/en\/wp-json\/wp\/v2\/comments?post=3750"}],"version-history":[{"count":3,"href":"https:\/\/badreljundigallery.com\/en\/wp-json\/wp\/v2\/posts\/3750\/revisions"}],"predecessor-version":[{"id":3766,"href":"https:\/\/badreljundigallery.com\/en\/wp-json\/wp\/v2\/posts\/3750\/revisions\/3766"}],"wp:featuredmedia":[{"embeddable":true,"href":"https:\/\/badreljundigallery.com\/en\/wp-json\/wp\/v2\/media\/3175"}],"wp:attachment":[{"href":"https:\/\/badreljundigallery.com\/en\/wp-json\/wp\/v2\/media?parent=3750"}],"wp:term":[{"taxonomy":"category","embeddable":true,"href":"https:\/\/badreljundigallery.com\/en\/wp-json\/wp\/v2\/categories?post=3750"},{"taxonomy":"post_tag","embeddable":true,"href":"https:\/\/badreljundigallery.com\/en\/wp-json\/wp\/v2\/tags?post=3750"}],"curies":[{"name":"wp","href":"https:\/\/api.w.org\/{rel}","templated":true}]}}