{"id":4089,"date":"2021-04-26T16:22:19","date_gmt":"2021-04-26T14:22:19","guid":{"rendered":"https:\/\/badreljundigallery.com\/una-galeria-en-marbella-integrada-dentro-de-un-hotel\/"},"modified":"2023-10-25T19:14:34","modified_gmt":"2023-10-25T17:14:34","slug":"una-galeria-en-marbella-integrada-dentro-de-un-hotel","status":"publish","type":"post","link":"https:\/\/badreljundigallery.com\/en\/una-galeria-en-marbella-integrada-dentro-de-un-hotel\/","title":{"rendered":"Una galer\u00eda en Marbella integrada dentro de un hotel"},"content":{"rendered":"<div class=\"bm-builder clearfix \"><div id=\"\" class=\"module col-8 module-id-1696601958767 bm-wrap row-top row-left bm-wrap-height-auto col-offset-2\" data-module-col=\"8\" data-change-color=\"off\" data-backcolor=\"transparent\" data-frontcolor=\"\" data-logocolor=\"\" data-goto-top=\"off\" data-goto-top-spacing=\"0\" data-goto-disable-m=\"off\" data-groupsameheight=\"off\"><div class=\"module-inside group-inside\" style=\"--cornerRadius:0px 0px 0px 0px ; --top-mod: 0px;--bottom-mod: 0px;--top-mod-t: 0px;--bottom-mod-t: 0px;--top-mod-m:0px;--bottom-mod-m:0px;\" ><div id=\"\" class=\"module col-8 module-id-1696601958882\" data-module-col=\"8\"><div class=\"module-inside text-inside\" style=\"--top-mod: 40px;--bottom-mod: 40px;--top-mod-t: 40px;--bottom-mod-t: 40px;--top-mod-m:20px;--bottom-mod-m:20px;\" ><div class=\"text_block_out\"  data-effect=\"standard\" style=\"\"><div class=\"text_block ux-mod-nobg\"><div class=\"text_block_inn\"><div id=\"text-1696601958882\" class=\"text_block_centered text_block_centered_enable_width\"  style=\"\"><h1 class=\"ct-single__post-title\">Una galer\u00eda en Marbella integrada dentro de un hotel.<\/h1><\/div><\/div><\/div><\/div><\/div><\/div><div id=\"\" class=\"module col-12 module-id-1696601958948\" data-module-col=\"12\"><div class=\"module-inside single-image-inside\" style=\"--cornerRadius:0px 0px 0px 0px ; --top-mod: 0px;--bottom-mod: 40px;--top-mod-t: 0px;--bottom-mod-t: 40px;--top-mod-m:0px;--bottom-mod-m:20px;\" ><div class=\"single-image-out  \"  ><figure class=\"single-image   single-image-full   \" no><div class=\"ux-hover-wrap anima-wrap\" style=\"padding-top: 60.266666666667%;\"><span class=\"ux-hover-wrap-a\"><img loading=\"lazy\" decoding=\"async\" alt=\"noticia-ad-badreljundi-750&#215;452\" class=\"single-image-img img1st lazy \" src=\"data:image\/gif;base64,R0lGODlhAQABAIAAAAAAAP\/\/\/yH5BAEAAAAALAAAAAABAAEAAAIBRAA7\" data-src=\"https:\/\/badreljundigallery.com\/wp-content\/uploads\/2023\/09\/noticia-ad-badreljundi-750x452-1.jpeg\" data-srcset=\"https:\/\/badreljundigallery.com\/wp-content\/uploads\/2023\/09\/noticia-ad-badreljundi-750x452-1.jpeg 750w, https:\/\/badreljundigallery.com\/wp-content\/uploads\/2023\/09\/noticia-ad-badreljundi-750x452-1-300x181.jpeg 300w, https:\/\/badreljundigallery.com\/wp-content\/uploads\/2023\/09\/noticia-ad-badreljundi-750x452-1-350x211.jpeg 350w, https:\/\/badreljundigallery.com\/wp-content\/uploads\/2023\/09\/noticia-ad-badreljundi-750x452-1-arttheme-standard-thumb-650x392.jpeg 650w\" data-sizes=\"(max-width: 480px) 320px,(max-width: 767px) 500px,(max-width: 750px) 100vw, 750px\" width=\"750\" height=\"452\" \/><\/span><\/div><\/figure><\/div><\/div><\/div><div id=\"\" class=\"module col-8 module-id-169660195954\" data-module-col=\"8\"><div class=\"module-inside text-inside\" style=\"--top-mod: 0px;--bottom-mod: 40px;--top-mod-t: 0px;--bottom-mod-t: 40px;--top-mod-m:0px;--bottom-mod-m:20px;\" ><div class=\"text_block_out\"  data-effect=\"standard\" style=\"\"><div class=\"text_block ux-mod-nobg\"><div class=\"text_block_inn\"><div id=\"text-169660195954\" class=\"text_block_centered text_block_centered_enable_width\"  style=\"\"><p>The art gallery Badr el Jundi, located in Hotel Antara Villa Padierna in Marbella opens an exhibition on April 1st with artworks from emerging artists in the gallery, the gardens and the neoclassical hall. The four artists participating in Trace Evidence are Tom Anholt, Ivana de Vivanco, Igor Moritz and Sola Olulode. Badr El Jundi presents five or six annual exhibitions. In addition, the gallery will partake in national fairs like Urvanity and Estampa in Madrid. Badr El Jundi gallery\u2019s mission is to become the support for international emerging and other consolidated artists.<\/p>\r\n<p>&nbsp;<\/p>\r\n<p>Find out more about AD\u2019s article <a class=\"\" href=\"https:\/\/www.revistaad.es\/arte\/articulos\/galeria-marbella-integrada-dentro-hotel\/29085\" target=\"_blank\" rel=\"noopener\"><strong>here<\/strong><\/a><\/p><\/div><\/div><\/div><\/div><\/div><\/div><div id=\"\" class=\"module col-12 module-id-1696601959121\" data-module-col=\"12\"><div class=\"module-inside text-inside\" style=\"--top-mod: 0px;--bottom-mod: 0px;--top-mod-t: 0px;--bottom-mod-t: 0px;--top-mod-m:0px;--bottom-mod-m:0px;\" ><div class=\"text_block_out\"  data-effect=\"standard\" style=\"\"><div class=\"text_block ux-mod-nobg\"><div class=\"text_block_inn\"><div id=\"text-1696601959121\" class=\"text_block_centered text_block_centered_enable_width\"  style=\"\"><p><a class=\"link-noticias\" href=\"\/en\/news\">Back to news<\/a><\/p><\/div><\/div><\/div><\/div><\/div><\/div><\/div><\/div><div id=\"\" class=\"module col-8 module-id-1696602715239 bm-wrap row-top row-left bm-wrap-height-auto\" data-module-col=\"8\" data-change-color=\"off\" data-backcolor=\"transparent\" data-frontcolor=\"\" data-logocolor=\"\" data-goto-top=\"off\" data-goto-top-spacing=\"0\" data-goto-disable-m=\"off\" data-groupsameheight=\"off\"><div class=\"module-inside group-inside\" style=\"--cornerRadius:0px 0px 0px 0px ; --top-mod: 140px;--bottom-mod: 0px;--top-mod-t: 140px;--bottom-mod-t: 0px;--top-mod-m:70px;--bottom-mod-m:0px;\" ><div id=\"\" class=\"module col-12 module-id-1696602747961\" data-module-col=\"12\"><div class=\"module-inside text-inside\" style=\"--top-mod: 0px;--bottom-mod: 0px;--top-mod-t: 0px;--bottom-mod-t: 0px;--top-mod-m:0px;--bottom-mod-m:0px;\" ><div class=\"text_block_out\"  data-effect=\"standard\" style=\"\"><div class=\"text_block ux-mod-nobg\"><div class=\"text_block_inn\"><div id=\"text-1696602747961\" class=\"text_block_centered text_block_centered_enable_width\"  style=\"\"><h3 style=\"font-size: 4vw;\">Subscribe to receive news about our exhibitions, artists and events.<\/h3><\/div><\/div><\/div><\/div><\/div><\/div><\/div><\/div><\/div>","protected":false},"excerpt":{"rendered":"<p>Una galer\u00eda en Marbella integrada dentro de un hotel.The art &hellip;<\/p>\n","protected":false},"author":1,"featured_media":3663,"comment_status":"closed","ping_status":"closed","sticky":false,"template":"","format":"standard","meta":{"inline_featured_image":false,"footnotes":""},"categories":[38],"tags":[],"class_list":["post-4089","post","type-post","status-publish","format-standard","has-post-thumbnail","hentry","category-news"],"yoast_head":"<!-- This site is optimized with the Yoast SEO plugin v26.6 - https:\/\/yoast.com\/wordpress\/plugins\/seo\/ -->\n<title>Una galer\u00eda en Marbella integrada dentro de un hotel - Badr El Jundi | art gallery, Madrid, Espa\u00f1a<\/title>\n<meta name=\"robots\" content=\"index, follow, max-snippet:-1, max-image-preview:large, max-video-preview:-1\" \/>\n<link rel=\"canonical\" href=\"https:\/\/badreljundigallery.com\/en\/una-galeria-en-marbella-integrada-dentro-de-un-hotel\/\" \/>\n<meta property=\"og:locale\" content=\"en_US\" \/>\n<meta property=\"og:type\" content=\"article\" \/>\n<meta property=\"og:title\" content=\"Una galer\u00eda en Marbella integrada dentro de un hotel - Badr El Jundi | art gallery, Madrid, Espa\u00f1a\" \/>\n<meta property=\"og:description\" content=\"Una galer\u00eda en Marbella integrada dentro de un hotel.The art &hellip;\" \/>\n<meta property=\"og:url\" content=\"https:\/\/badreljundigallery.com\/en\/una-galeria-en-marbella-integrada-dentro-de-un-hotel\/\" \/>\n<meta property=\"og:site_name\" content=\"Badr El Jundi | art gallery, Madrid, Espa\u00f1a\" \/>\n<meta property=\"article:published_time\" content=\"2021-04-26T14:22:19+00:00\" \/>\n<meta property=\"article:modified_time\" content=\"2023-10-25T17:14:34+00:00\" \/>\n<meta property=\"og:image\" content=\"https:\/\/badreljundigallery.com\/wp-content\/uploads\/2023\/09\/noticia-ad-badreljundi-750x452-1.jpeg\" \/>\n\t<meta property=\"og:image:width\" content=\"750\" \/>\n\t<meta property=\"og:image:height\" content=\"452\" \/>\n\t<meta property=\"og:image:type\" content=\"image\/jpeg\" \/>\n<meta name=\"author\" content=\"jeosaphat\" \/>\n<meta name=\"twitter:card\" content=\"summary_large_image\" \/>\n<meta name=\"twitter:label1\" content=\"Written by\" \/>\n\t<meta name=\"twitter:data1\" content=\"jeosaphat\" \/>\n<script type=\"application\/ld+json\" class=\"yoast-schema-graph\">{\"@context\":\"https:\/\/schema.org\",\"@graph\":[{\"@type\":\"WebPage\",\"@id\":\"https:\/\/badreljundigallery.com\/en\/una-galeria-en-marbella-integrada-dentro-de-un-hotel\/\",\"url\":\"https:\/\/badreljundigallery.com\/en\/una-galeria-en-marbella-integrada-dentro-de-un-hotel\/\",\"name\":\"Una galer\u00eda en Marbella integrada dentro de un hotel - Badr El Jundi | art gallery, Madrid, Espa\u00f1a\",\"isPartOf\":{\"@id\":\"https:\/\/badreljundigallery.com\/en\/#website\"},\"primaryImageOfPage\":{\"@id\":\"https:\/\/badreljundigallery.com\/en\/una-galeria-en-marbella-integrada-dentro-de-un-hotel\/#primaryimage\"},\"image\":{\"@id\":\"https:\/\/badreljundigallery.com\/en\/una-galeria-en-marbella-integrada-dentro-de-un-hotel\/#primaryimage\"},\"thumbnailUrl\":\"https:\/\/badreljundigallery.com\/wp-content\/uploads\/2023\/09\/noticia-ad-badreljundi-750x452-1.jpeg\",\"datePublished\":\"2021-04-26T14:22:19+00:00\",\"dateModified\":\"2023-10-25T17:14:34+00:00\",\"author\":{\"@id\":\"https:\/\/badreljundigallery.com\/en\/#\/schema\/person\/76b216190aac374089097e3eecdab448\"},\"breadcrumb\":{\"@id\":\"https:\/\/badreljundigallery.com\/en\/una-galeria-en-marbella-integrada-dentro-de-un-hotel\/#breadcrumb\"},\"inLanguage\":\"en-US\",\"potentialAction\":[{\"@type\":\"ReadAction\",\"target\":[\"https:\/\/badreljundigallery.com\/en\/una-galeria-en-marbella-integrada-dentro-de-un-hotel\/\"]}]},{\"@type\":\"ImageObject\",\"inLanguage\":\"en-US\",\"@id\":\"https:\/\/badreljundigallery.com\/en\/una-galeria-en-marbella-integrada-dentro-de-un-hotel\/#primaryimage\",\"url\":\"https:\/\/badreljundigallery.com\/wp-content\/uploads\/2023\/09\/noticia-ad-badreljundi-750x452-1.jpeg\",\"contentUrl\":\"https:\/\/badreljundigallery.com\/wp-content\/uploads\/2023\/09\/noticia-ad-badreljundi-750x452-1.jpeg\",\"width\":750,\"height\":452},{\"@type\":\"BreadcrumbList\",\"@id\":\"https:\/\/badreljundigallery.com\/en\/una-galeria-en-marbella-integrada-dentro-de-un-hotel\/#breadcrumb\",\"itemListElement\":[{\"@type\":\"ListItem\",\"position\":1,\"name\":\"Front page\",\"item\":\"https:\/\/badreljundigallery.com\/en\/\"},{\"@type\":\"ListItem\",\"position\":2,\"name\":\"Una galer\u00eda en Marbella integrada dentro de un hotel\"}]},{\"@type\":\"WebSite\",\"@id\":\"https:\/\/badreljundigallery.com\/en\/#website\",\"url\":\"https:\/\/badreljundigallery.com\/en\/\",\"name\":\"Badr El Jundi | art gallery, Madrid, Espa\u00f1a\",\"description\":\"Badr El Jundi | art gallery, Madrid, Espa\u00f1a\",\"potentialAction\":[{\"@type\":\"SearchAction\",\"target\":{\"@type\":\"EntryPoint\",\"urlTemplate\":\"https:\/\/badreljundigallery.com\/en\/?s={search_term_string}\"},\"query-input\":{\"@type\":\"PropertyValueSpecification\",\"valueRequired\":true,\"valueName\":\"search_term_string\"}}],\"inLanguage\":\"en-US\"},{\"@type\":\"Person\",\"@id\":\"https:\/\/badreljundigallery.com\/en\/#\/schema\/person\/76b216190aac374089097e3eecdab448\",\"name\":\"jeosaphat\",\"image\":{\"@type\":\"ImageObject\",\"inLanguage\":\"en-US\",\"@id\":\"https:\/\/badreljundigallery.com\/en\/#\/schema\/person\/image\/\",\"url\":\"https:\/\/secure.gravatar.com\/avatar\/d247ab40f494277684dd0e3edba8faa81c6ee44f072169935779bd9e86791d4e?s=96&d=mm&r=g\",\"contentUrl\":\"https:\/\/secure.gravatar.com\/avatar\/d247ab40f494277684dd0e3edba8faa81c6ee44f072169935779bd9e86791d4e?s=96&d=mm&r=g\",\"caption\":\"jeosaphat\"},\"sameAs\":[\"https:\/\/badreljundigallery.com\"],\"url\":\"https:\/\/badreljundigallery.com\/en\/author\/badr_admin\/\"}]}<\/script>\n<!-- \/ Yoast SEO plugin. -->","yoast_head_json":{"title":"Una galer\u00eda en Marbella integrada dentro de un hotel - Badr El Jundi | art gallery, Madrid, Espa\u00f1a","robots":{"index":"index","follow":"follow","max-snippet":"max-snippet:-1","max-image-preview":"max-image-preview:large","max-video-preview":"max-video-preview:-1"},"canonical":"https:\/\/badreljundigallery.com\/en\/una-galeria-en-marbella-integrada-dentro-de-un-hotel\/","og_locale":"en_US","og_type":"article","og_title":"Una galer\u00eda en Marbella integrada dentro de un hotel - Badr El Jundi | art gallery, Madrid, Espa\u00f1a","og_description":"Una galer\u00eda en Marbella integrada dentro de un hotel.The art &hellip;","og_url":"https:\/\/badreljundigallery.com\/en\/una-galeria-en-marbella-integrada-dentro-de-un-hotel\/","og_site_name":"Badr El Jundi | art gallery, Madrid, Espa\u00f1a","article_published_time":"2021-04-26T14:22:19+00:00","article_modified_time":"2023-10-25T17:14:34+00:00","og_image":[{"width":750,"height":452,"url":"https:\/\/badreljundigallery.com\/wp-content\/uploads\/2023\/09\/noticia-ad-badreljundi-750x452-1.jpeg","type":"image\/jpeg"}],"author":"jeosaphat","twitter_card":"summary_large_image","twitter_misc":{"Written by":"jeosaphat"},"schema":{"@context":"https:\/\/schema.org","@graph":[{"@type":"WebPage","@id":"https:\/\/badreljundigallery.com\/en\/una-galeria-en-marbella-integrada-dentro-de-un-hotel\/","url":"https:\/\/badreljundigallery.com\/en\/una-galeria-en-marbella-integrada-dentro-de-un-hotel\/","name":"Una galer\u00eda en Marbella integrada dentro de un hotel - Badr El Jundi | art gallery, Madrid, Espa\u00f1a","isPartOf":{"@id":"https:\/\/badreljundigallery.com\/en\/#website"},"primaryImageOfPage":{"@id":"https:\/\/badreljundigallery.com\/en\/una-galeria-en-marbella-integrada-dentro-de-un-hotel\/#primaryimage"},"image":{"@id":"https:\/\/badreljundigallery.com\/en\/una-galeria-en-marbella-integrada-dentro-de-un-hotel\/#primaryimage"},"thumbnailUrl":"https:\/\/badreljundigallery.com\/wp-content\/uploads\/2023\/09\/noticia-ad-badreljundi-750x452-1.jpeg","datePublished":"2021-04-26T14:22:19+00:00","dateModified":"2023-10-25T17:14:34+00:00","author":{"@id":"https:\/\/badreljundigallery.com\/en\/#\/schema\/person\/76b216190aac374089097e3eecdab448"},"breadcrumb":{"@id":"https:\/\/badreljundigallery.com\/en\/una-galeria-en-marbella-integrada-dentro-de-un-hotel\/#breadcrumb"},"inLanguage":"en-US","potentialAction":[{"@type":"ReadAction","target":["https:\/\/badreljundigallery.com\/en\/una-galeria-en-marbella-integrada-dentro-de-un-hotel\/"]}]},{"@type":"ImageObject","inLanguage":"en-US","@id":"https:\/\/badreljundigallery.com\/en\/una-galeria-en-marbella-integrada-dentro-de-un-hotel\/#primaryimage","url":"https:\/\/badreljundigallery.com\/wp-content\/uploads\/2023\/09\/noticia-ad-badreljundi-750x452-1.jpeg","contentUrl":"https:\/\/badreljundigallery.com\/wp-content\/uploads\/2023\/09\/noticia-ad-badreljundi-750x452-1.jpeg","width":750,"height":452},{"@type":"BreadcrumbList","@id":"https:\/\/badreljundigallery.com\/en\/una-galeria-en-marbella-integrada-dentro-de-un-hotel\/#breadcrumb","itemListElement":[{"@type":"ListItem","position":1,"name":"Front page","item":"https:\/\/badreljundigallery.com\/en\/"},{"@type":"ListItem","position":2,"name":"Una galer\u00eda en Marbella integrada dentro de un hotel"}]},{"@type":"WebSite","@id":"https:\/\/badreljundigallery.com\/en\/#website","url":"https:\/\/badreljundigallery.com\/en\/","name":"Badr El Jundi | art gallery, Madrid, Espa\u00f1a","description":"Badr El Jundi | art gallery, Madrid, Espa\u00f1a","potentialAction":[{"@type":"SearchAction","target":{"@type":"EntryPoint","urlTemplate":"https:\/\/badreljundigallery.com\/en\/?s={search_term_string}"},"query-input":{"@type":"PropertyValueSpecification","valueRequired":true,"valueName":"search_term_string"}}],"inLanguage":"en-US"},{"@type":"Person","@id":"https:\/\/badreljundigallery.com\/en\/#\/schema\/person\/76b216190aac374089097e3eecdab448","name":"jeosaphat","image":{"@type":"ImageObject","inLanguage":"en-US","@id":"https:\/\/badreljundigallery.com\/en\/#\/schema\/person\/image\/","url":"https:\/\/secure.gravatar.com\/avatar\/d247ab40f494277684dd0e3edba8faa81c6ee44f072169935779bd9e86791d4e?s=96&d=mm&r=g","contentUrl":"https:\/\/secure.gravatar.com\/avatar\/d247ab40f494277684dd0e3edba8faa81c6ee44f072169935779bd9e86791d4e?s=96&d=mm&r=g","caption":"jeosaphat"},"sameAs":["https:\/\/badreljundigallery.com"],"url":"https:\/\/badreljundigallery.com\/en\/author\/badr_admin\/"}]}},"_links":{"self":[{"href":"https:\/\/badreljundigallery.com\/en\/wp-json\/wp\/v2\/posts\/4089","targetHints":{"allow":["GET"]}}],"collection":[{"href":"https:\/\/badreljundigallery.com\/en\/wp-json\/wp\/v2\/posts"}],"about":[{"href":"https:\/\/badreljundigallery.com\/en\/wp-json\/wp\/v2\/types\/post"}],"author":[{"embeddable":true,"href":"https:\/\/badreljundigallery.com\/en\/wp-json\/wp\/v2\/users\/1"}],"replies":[{"embeddable":true,"href":"https:\/\/badreljundigallery.com\/en\/wp-json\/wp\/v2\/comments?post=4089"}],"version-history":[{"count":1,"href":"https:\/\/badreljundigallery.com\/en\/wp-json\/wp\/v2\/posts\/4089\/revisions"}],"predecessor-version":[{"id":4104,"href":"https:\/\/badreljundigallery.com\/en\/wp-json\/wp\/v2\/posts\/4089\/revisions\/4104"}],"wp:featuredmedia":[{"embeddable":true,"href":"https:\/\/badreljundigallery.com\/en\/wp-json\/wp\/v2\/media\/3663"}],"wp:attachment":[{"href":"https:\/\/badreljundigallery.com\/en\/wp-json\/wp\/v2\/media?parent=4089"}],"wp:term":[{"taxonomy":"category","embeddable":true,"href":"https:\/\/badreljundigallery.com\/en\/wp-json\/wp\/v2\/categories?post=4089"},{"taxonomy":"post_tag","embeddable":true,"href":"https:\/\/badreljundigallery.com\/en\/wp-json\/wp\/v2\/tags?post=4089"}],"curies":[{"name":"wp","href":"https:\/\/api.w.org\/{rel}","templated":true}]}}