{"id":4225,"date":"2021-02-06T12:05:38","date_gmt":"2021-02-06T11:05:38","guid":{"rendered":"https:\/\/badreljundigallery.com\/constructing-an-imaginary-se-podra-visitar-hasta-el-21-de-febrero-de-2021\/"},"modified":"2023-10-25T19:15:19","modified_gmt":"2023-10-25T17:15:19","slug":"constructing-an-imaginary-se-podra-visitar-hasta-el-21-de-febrero-de-2021","status":"publish","type":"post","link":"https:\/\/badreljundigallery.com\/en\/constructing-an-imaginary-se-podra-visitar-hasta-el-21-de-febrero-de-2021\/","title":{"rendered":"\u2018Constructing an imaginary\u2019 can be visited until 21st february 2021"},"content":{"rendered":"<div class=\"bm-builder clearfix \"><div id=\"\" class=\"module col-8 module-id-1696858338746 bm-wrap row-top row-left bm-wrap-height-auto col-offset-2\" data-module-col=\"8\" data-change-color=\"off\" data-backcolor=\"transparent\" data-frontcolor=\"\" data-logocolor=\"\" data-goto-top=\"off\" data-goto-top-spacing=\"0\" data-goto-disable-m=\"off\" data-groupsameheight=\"off\"><div class=\"module-inside group-inside\" style=\"--cornerRadius:0px 0px 0px 0px ; --top-mod: 0px;--bottom-mod: 0px;--top-mod-t: 0px;--bottom-mod-t: 0px;--top-mod-m:0px;--bottom-mod-m:0px;\" ><div id=\"\" class=\"module col-8 module-id-1696858338857\" data-module-col=\"8\"><div class=\"module-inside text-inside\" style=\"--top-mod: 40px;--bottom-mod: 40px;--top-mod-t: 40px;--bottom-mod-t: 40px;--top-mod-m:20px;--bottom-mod-m:20px;\" ><div class=\"text_block_out\"  data-effect=\"standard\" style=\"\"><div class=\"text_block ux-mod-nobg\"><div class=\"text_block_inn\"><div id=\"text-1696858338857\" class=\"text_block_centered text_block_centered_enable_width\"  style=\"\"><h1 class=\"ct-single__post-title\">\u2018Constructing an imaginary\u2019 can be visited until 21st february 2021<\/h1><\/div><\/div><\/div><\/div><\/div><\/div><div id=\"\" class=\"module col-12 module-id-1696858338921\" data-module-col=\"12\"><div class=\"module-inside single-image-inside\" style=\"--cornerRadius:0px 0px 0px 0px ; --top-mod: 0px;--bottom-mod: 40px;--top-mod-t: 0px;--bottom-mod-t: 40px;--top-mod-m:0px;--bottom-mod-m:20px;\" ><div class=\"single-image-out  \"  ><figure class=\"single-image   single-image-full   \" no><div class=\"ux-hover-wrap anima-wrap\" style=\"padding-top: 60.533333333333%;\"><span class=\"ux-hover-wrap-a\"><img loading=\"lazy\" decoding=\"async\" alt=\"constructing-an-imaginary-news-750&#215;454\" class=\"single-image-img img1st lazy \" src=\"data:image\/gif;base64,R0lGODlhAQABAIAAAAAAAP\/\/\/yH5BAEAAAAALAAAAAABAAEAAAIBRAA7\" data-src=\"https:\/\/badreljundigallery.com\/wp-content\/uploads\/2023\/09\/constructing-an-imaginary-news-750x454-1.jpg\" data-srcset=\"https:\/\/badreljundigallery.com\/wp-content\/uploads\/2023\/09\/constructing-an-imaginary-news-750x454-1.jpg 750w, https:\/\/badreljundigallery.com\/wp-content\/uploads\/2023\/09\/constructing-an-imaginary-news-750x454-1-300x182.jpg 300w, https:\/\/badreljundigallery.com\/wp-content\/uploads\/2023\/09\/constructing-an-imaginary-news-750x454-1-350x212.jpg 350w, https:\/\/badreljundigallery.com\/wp-content\/uploads\/2023\/09\/constructing-an-imaginary-news-750x454-1-arttheme-standard-thumb-650x393.jpg 650w\" data-sizes=\"(max-width: 480px) 320px,(max-width: 767px) 500px,(max-width: 750px) 100vw, 750px\" width=\"750\" height=\"454\" \/><\/span><\/div><\/figure><\/div><\/div><\/div><div id=\"\" class=\"module col-8 module-id-16968583387460\" data-module-col=\"8\"><div class=\"module-inside text-inside\" style=\"--top-mod: 0px;--bottom-mod: 0px;--top-mod-t: 0px;--bottom-mod-t: 0px;--top-mod-m:0px;--bottom-mod-m:0px;\" ><div class=\"text_block_out\"  data-effect=\"standard\" style=\"\"><div class=\"text_block ux-mod-nobg\"><div class=\"text_block_inn\"><div id=\"text-16968583387460\" class=\"text_block_centered text_block_centered_enable_width\"  style=\"\"><p>Constructing an imaginary trae obras de Guy Yanay, Moffat Takadiwa, Ardeshir Tabrizi, Sheida Soleimani y Gioele Amaro, que exploran temas como la arquitectura, las relaciones espaciales, la figuraci\u00f3n y abstracci\u00f3n, la identidad cultural, la religi\u00f3n y la cr\u00edtica sobre las violaciones de los derechos humanos.<\/p>\r\n<p>&nbsp;<\/p>\r\n<p>Lee la not\u00edcia completa de emmental <a class=\"\" href=\"https:\/\/elemmental.com\/2020\/12\/03\/nueva-exposicion-en-marbella-trae-obras-de-artistas-de-iran-israel-y-zimbabue\/\" target=\"_blank\" rel=\"noopener\">aqu\u00ed<\/a>.<\/p><\/div><\/div><\/div><\/div><\/div><\/div><div id=\"\" class=\"module col-12 module-id-169685833985\" data-module-col=\"12\"><div class=\"module-inside text-inside\" style=\"--top-mod: 0px;--bottom-mod: 0px;--top-mod-t: 0px;--bottom-mod-t: 0px;--top-mod-m:0px;--bottom-mod-m:0px;\" ><div class=\"text_block_out\"  data-effect=\"standard\" style=\"\"><div class=\"text_block ux-mod-nobg\"><div class=\"text_block_inn\"><div id=\"text-169685833985\" class=\"text_block_centered text_block_centered_enable_width\"  style=\"\"><p><a href=\"\/en\/news\">Back to news<\/a><\/p><\/div><\/div><\/div><\/div><\/div><\/div><\/div><\/div><div id=\"\" class=\"module col-8 module-id-1696858339147 bm-wrap row-middle row-left bm-wrap-height-auto\" data-module-col=\"8\" data-change-color=\"off\" data-backcolor=\"transparent\" data-frontcolor=\"\" data-logocolor=\"\" data-goto-top=\"off\" data-goto-top-spacing=\"0\" data-goto-disable-m=\"off\" data-groupsameheight=\"off\"><div class=\"module-inside group-inside\" style=\"--top-mod: 140px;--bottom-mod: 60px;--top-mod-t: 140px;--bottom-mod-t: 60px;--top-mod-m:70px;--bottom-mod-m:70px;\" ><div id=\"\" class=\"module col-8 module-id-1696858339225\" data-module-col=\"8\"><div class=\"module-inside text-inside\" style=\"--top-mod: 0px;--bottom-mod: 40px;--top-mod-t: 0px;--bottom-mod-t: 40px;--top-mod-m:0px;--bottom-mod-m:20px;\" ><div class=\"text_block_out\"  data-effect=\"standard\" style=\"\"><div class=\"text_block ux-mod-nobg\"><div class=\"text_block_inn\"><div id=\"text-1696858339225\" class=\"text_block_centered text_block_centered_enable_width\"  style=\"\"><h3 style=\"font-size: 4vw;\">Subscribe to receive news about our exhibitions, artists and events.<\/h3><\/div><\/div><\/div><\/div><\/div><\/div><\/div><\/div><\/div>","protected":false},"excerpt":{"rendered":"<p>\u2018Constructing an imaginary\u2019 can be visited until 21st february 2021Constructing &hellip;<\/p>\n","protected":false},"author":1,"featured_media":3478,"comment_status":"closed","ping_status":"closed","sticky":false,"template":"","format":"standard","meta":{"inline_featured_image":false,"footnotes":""},"categories":[129,136,149,38,145],"tags":[],"class_list":["post-4225","post","type-post","status-publish","format-standard","has-post-thumbnail","hentry","category-ardeshir-tabrizi-en","category-gioele-amaro-en","category-moffat-takadiwa-en","category-news","category-sheida-soleimani-en"],"yoast_head":"<!-- This site is optimized with the Yoast SEO plugin v26.6 - https:\/\/yoast.com\/wordpress\/plugins\/seo\/ -->\n<title>\u2018Constructing an imaginary\u2019 can be visited until 21st february 2021 - Badr El Jundi | art gallery, Madrid, Espa\u00f1a<\/title>\n<meta name=\"robots\" content=\"index, follow, max-snippet:-1, max-image-preview:large, max-video-preview:-1\" \/>\n<link rel=\"canonical\" href=\"https:\/\/badreljundigallery.com\/en\/constructing-an-imaginary-se-podra-visitar-hasta-el-21-de-febrero-de-2021\/\" \/>\n<meta property=\"og:locale\" content=\"en_US\" \/>\n<meta property=\"og:type\" content=\"article\" \/>\n<meta property=\"og:title\" content=\"\u2018Constructing an imaginary\u2019 can be visited until 21st february 2021 - Badr El Jundi | art gallery, Madrid, Espa\u00f1a\" \/>\n<meta property=\"og:description\" content=\"\u2018Constructing an imaginary\u2019 can be visited until 21st february 2021Constructing &hellip;\" \/>\n<meta property=\"og:url\" content=\"https:\/\/badreljundigallery.com\/en\/constructing-an-imaginary-se-podra-visitar-hasta-el-21-de-febrero-de-2021\/\" \/>\n<meta property=\"og:site_name\" content=\"Badr El Jundi | art gallery, Madrid, Espa\u00f1a\" \/>\n<meta property=\"article:published_time\" content=\"2021-02-06T11:05:38+00:00\" \/>\n<meta property=\"article:modified_time\" content=\"2023-10-25T17:15:19+00:00\" \/>\n<meta property=\"og:image\" content=\"https:\/\/badreljundigallery.com\/wp-content\/uploads\/2023\/09\/constructing-an-imaginary-news-750x454-1.jpg\" \/>\n\t<meta property=\"og:image:width\" content=\"750\" \/>\n\t<meta property=\"og:image:height\" content=\"454\" \/>\n\t<meta property=\"og:image:type\" content=\"image\/jpeg\" \/>\n<meta name=\"author\" content=\"jeosaphat\" \/>\n<meta name=\"twitter:card\" content=\"summary_large_image\" \/>\n<meta name=\"twitter:label1\" content=\"Written by\" \/>\n\t<meta name=\"twitter:data1\" content=\"jeosaphat\" \/>\n<script type=\"application\/ld+json\" class=\"yoast-schema-graph\">{\"@context\":\"https:\/\/schema.org\",\"@graph\":[{\"@type\":\"WebPage\",\"@id\":\"https:\/\/badreljundigallery.com\/en\/constructing-an-imaginary-se-podra-visitar-hasta-el-21-de-febrero-de-2021\/\",\"url\":\"https:\/\/badreljundigallery.com\/en\/constructing-an-imaginary-se-podra-visitar-hasta-el-21-de-febrero-de-2021\/\",\"name\":\"\u2018Constructing an imaginary\u2019 can be visited until 21st february 2021 - Badr El Jundi | art gallery, Madrid, Espa\u00f1a\",\"isPartOf\":{\"@id\":\"https:\/\/badreljundigallery.com\/en\/#website\"},\"primaryImageOfPage\":{\"@id\":\"https:\/\/badreljundigallery.com\/en\/constructing-an-imaginary-se-podra-visitar-hasta-el-21-de-febrero-de-2021\/#primaryimage\"},\"image\":{\"@id\":\"https:\/\/badreljundigallery.com\/en\/constructing-an-imaginary-se-podra-visitar-hasta-el-21-de-febrero-de-2021\/#primaryimage\"},\"thumbnailUrl\":\"https:\/\/badreljundigallery.com\/wp-content\/uploads\/2023\/09\/constructing-an-imaginary-news-750x454-1.jpg\",\"datePublished\":\"2021-02-06T11:05:38+00:00\",\"dateModified\":\"2023-10-25T17:15:19+00:00\",\"author\":{\"@id\":\"https:\/\/badreljundigallery.com\/en\/#\/schema\/person\/76b216190aac374089097e3eecdab448\"},\"breadcrumb\":{\"@id\":\"https:\/\/badreljundigallery.com\/en\/constructing-an-imaginary-se-podra-visitar-hasta-el-21-de-febrero-de-2021\/#breadcrumb\"},\"inLanguage\":\"en-US\",\"potentialAction\":[{\"@type\":\"ReadAction\",\"target\":[\"https:\/\/badreljundigallery.com\/en\/constructing-an-imaginary-se-podra-visitar-hasta-el-21-de-febrero-de-2021\/\"]}]},{\"@type\":\"ImageObject\",\"inLanguage\":\"en-US\",\"@id\":\"https:\/\/badreljundigallery.com\/en\/constructing-an-imaginary-se-podra-visitar-hasta-el-21-de-febrero-de-2021\/#primaryimage\",\"url\":\"https:\/\/badreljundigallery.com\/wp-content\/uploads\/2023\/09\/constructing-an-imaginary-news-750x454-1.jpg\",\"contentUrl\":\"https:\/\/badreljundigallery.com\/wp-content\/uploads\/2023\/09\/constructing-an-imaginary-news-750x454-1.jpg\",\"width\":750,\"height\":454},{\"@type\":\"BreadcrumbList\",\"@id\":\"https:\/\/badreljundigallery.com\/en\/constructing-an-imaginary-se-podra-visitar-hasta-el-21-de-febrero-de-2021\/#breadcrumb\",\"itemListElement\":[{\"@type\":\"ListItem\",\"position\":1,\"name\":\"Front page\",\"item\":\"https:\/\/badreljundigallery.com\/en\/\"},{\"@type\":\"ListItem\",\"position\":2,\"name\":\"\u2018Constructing an imaginary\u2019 can be visited until 21st february 2021\"}]},{\"@type\":\"WebSite\",\"@id\":\"https:\/\/badreljundigallery.com\/en\/#website\",\"url\":\"https:\/\/badreljundigallery.com\/en\/\",\"name\":\"Badr El Jundi | art gallery, Madrid, Espa\u00f1a\",\"description\":\"Badr El Jundi | art gallery, Madrid, Espa\u00f1a\",\"potentialAction\":[{\"@type\":\"SearchAction\",\"target\":{\"@type\":\"EntryPoint\",\"urlTemplate\":\"https:\/\/badreljundigallery.com\/en\/?s={search_term_string}\"},\"query-input\":{\"@type\":\"PropertyValueSpecification\",\"valueRequired\":true,\"valueName\":\"search_term_string\"}}],\"inLanguage\":\"en-US\"},{\"@type\":\"Person\",\"@id\":\"https:\/\/badreljundigallery.com\/en\/#\/schema\/person\/76b216190aac374089097e3eecdab448\",\"name\":\"jeosaphat\",\"image\":{\"@type\":\"ImageObject\",\"inLanguage\":\"en-US\",\"@id\":\"https:\/\/badreljundigallery.com\/en\/#\/schema\/person\/image\/\",\"url\":\"https:\/\/secure.gravatar.com\/avatar\/d247ab40f494277684dd0e3edba8faa81c6ee44f072169935779bd9e86791d4e?s=96&d=mm&r=g\",\"contentUrl\":\"https:\/\/secure.gravatar.com\/avatar\/d247ab40f494277684dd0e3edba8faa81c6ee44f072169935779bd9e86791d4e?s=96&d=mm&r=g\",\"caption\":\"jeosaphat\"},\"sameAs\":[\"https:\/\/badreljundigallery.com\"],\"url\":\"https:\/\/badreljundigallery.com\/en\/author\/badr_admin\/\"}]}<\/script>\n<!-- \/ Yoast SEO plugin. -->","yoast_head_json":{"title":"\u2018Constructing an imaginary\u2019 can be visited until 21st february 2021 - Badr El Jundi | art gallery, Madrid, Espa\u00f1a","robots":{"index":"index","follow":"follow","max-snippet":"max-snippet:-1","max-image-preview":"max-image-preview:large","max-video-preview":"max-video-preview:-1"},"canonical":"https:\/\/badreljundigallery.com\/en\/constructing-an-imaginary-se-podra-visitar-hasta-el-21-de-febrero-de-2021\/","og_locale":"en_US","og_type":"article","og_title":"\u2018Constructing an imaginary\u2019 can be visited until 21st february 2021 - Badr El Jundi | art gallery, Madrid, Espa\u00f1a","og_description":"\u2018Constructing an imaginary\u2019 can be visited until 21st february 2021Constructing &hellip;","og_url":"https:\/\/badreljundigallery.com\/en\/constructing-an-imaginary-se-podra-visitar-hasta-el-21-de-febrero-de-2021\/","og_site_name":"Badr El Jundi | art gallery, Madrid, Espa\u00f1a","article_published_time":"2021-02-06T11:05:38+00:00","article_modified_time":"2023-10-25T17:15:19+00:00","og_image":[{"width":750,"height":454,"url":"https:\/\/badreljundigallery.com\/wp-content\/uploads\/2023\/09\/constructing-an-imaginary-news-750x454-1.jpg","type":"image\/jpeg"}],"author":"jeosaphat","twitter_card":"summary_large_image","twitter_misc":{"Written by":"jeosaphat"},"schema":{"@context":"https:\/\/schema.org","@graph":[{"@type":"WebPage","@id":"https:\/\/badreljundigallery.com\/en\/constructing-an-imaginary-se-podra-visitar-hasta-el-21-de-febrero-de-2021\/","url":"https:\/\/badreljundigallery.com\/en\/constructing-an-imaginary-se-podra-visitar-hasta-el-21-de-febrero-de-2021\/","name":"\u2018Constructing an imaginary\u2019 can be visited until 21st february 2021 - Badr El Jundi | art gallery, Madrid, Espa\u00f1a","isPartOf":{"@id":"https:\/\/badreljundigallery.com\/en\/#website"},"primaryImageOfPage":{"@id":"https:\/\/badreljundigallery.com\/en\/constructing-an-imaginary-se-podra-visitar-hasta-el-21-de-febrero-de-2021\/#primaryimage"},"image":{"@id":"https:\/\/badreljundigallery.com\/en\/constructing-an-imaginary-se-podra-visitar-hasta-el-21-de-febrero-de-2021\/#primaryimage"},"thumbnailUrl":"https:\/\/badreljundigallery.com\/wp-content\/uploads\/2023\/09\/constructing-an-imaginary-news-750x454-1.jpg","datePublished":"2021-02-06T11:05:38+00:00","dateModified":"2023-10-25T17:15:19+00:00","author":{"@id":"https:\/\/badreljundigallery.com\/en\/#\/schema\/person\/76b216190aac374089097e3eecdab448"},"breadcrumb":{"@id":"https:\/\/badreljundigallery.com\/en\/constructing-an-imaginary-se-podra-visitar-hasta-el-21-de-febrero-de-2021\/#breadcrumb"},"inLanguage":"en-US","potentialAction":[{"@type":"ReadAction","target":["https:\/\/badreljundigallery.com\/en\/constructing-an-imaginary-se-podra-visitar-hasta-el-21-de-febrero-de-2021\/"]}]},{"@type":"ImageObject","inLanguage":"en-US","@id":"https:\/\/badreljundigallery.com\/en\/constructing-an-imaginary-se-podra-visitar-hasta-el-21-de-febrero-de-2021\/#primaryimage","url":"https:\/\/badreljundigallery.com\/wp-content\/uploads\/2023\/09\/constructing-an-imaginary-news-750x454-1.jpg","contentUrl":"https:\/\/badreljundigallery.com\/wp-content\/uploads\/2023\/09\/constructing-an-imaginary-news-750x454-1.jpg","width":750,"height":454},{"@type":"BreadcrumbList","@id":"https:\/\/badreljundigallery.com\/en\/constructing-an-imaginary-se-podra-visitar-hasta-el-21-de-febrero-de-2021\/#breadcrumb","itemListElement":[{"@type":"ListItem","position":1,"name":"Front page","item":"https:\/\/badreljundigallery.com\/en\/"},{"@type":"ListItem","position":2,"name":"\u2018Constructing an imaginary\u2019 can be visited until 21st february 2021"}]},{"@type":"WebSite","@id":"https:\/\/badreljundigallery.com\/en\/#website","url":"https:\/\/badreljundigallery.com\/en\/","name":"Badr El Jundi | art gallery, Madrid, Espa\u00f1a","description":"Badr El Jundi | art gallery, Madrid, Espa\u00f1a","potentialAction":[{"@type":"SearchAction","target":{"@type":"EntryPoint","urlTemplate":"https:\/\/badreljundigallery.com\/en\/?s={search_term_string}"},"query-input":{"@type":"PropertyValueSpecification","valueRequired":true,"valueName":"search_term_string"}}],"inLanguage":"en-US"},{"@type":"Person","@id":"https:\/\/badreljundigallery.com\/en\/#\/schema\/person\/76b216190aac374089097e3eecdab448","name":"jeosaphat","image":{"@type":"ImageObject","inLanguage":"en-US","@id":"https:\/\/badreljundigallery.com\/en\/#\/schema\/person\/image\/","url":"https:\/\/secure.gravatar.com\/avatar\/d247ab40f494277684dd0e3edba8faa81c6ee44f072169935779bd9e86791d4e?s=96&d=mm&r=g","contentUrl":"https:\/\/secure.gravatar.com\/avatar\/d247ab40f494277684dd0e3edba8faa81c6ee44f072169935779bd9e86791d4e?s=96&d=mm&r=g","caption":"jeosaphat"},"sameAs":["https:\/\/badreljundigallery.com"],"url":"https:\/\/badreljundigallery.com\/en\/author\/badr_admin\/"}]}},"_links":{"self":[{"href":"https:\/\/badreljundigallery.com\/en\/wp-json\/wp\/v2\/posts\/4225","targetHints":{"allow":["GET"]}}],"collection":[{"href":"https:\/\/badreljundigallery.com\/en\/wp-json\/wp\/v2\/posts"}],"about":[{"href":"https:\/\/badreljundigallery.com\/en\/wp-json\/wp\/v2\/types\/post"}],"author":[{"embeddable":true,"href":"https:\/\/badreljundigallery.com\/en\/wp-json\/wp\/v2\/users\/1"}],"replies":[{"embeddable":true,"href":"https:\/\/badreljundigallery.com\/en\/wp-json\/wp\/v2\/comments?post=4225"}],"version-history":[{"count":1,"href":"https:\/\/badreljundigallery.com\/en\/wp-json\/wp\/v2\/posts\/4225\/revisions"}],"predecessor-version":[{"id":4235,"href":"https:\/\/badreljundigallery.com\/en\/wp-json\/wp\/v2\/posts\/4225\/revisions\/4235"}],"wp:featuredmedia":[{"embeddable":true,"href":"https:\/\/badreljundigallery.com\/en\/wp-json\/wp\/v2\/media\/3478"}],"wp:attachment":[{"href":"https:\/\/badreljundigallery.com\/en\/wp-json\/wp\/v2\/media?parent=4225"}],"wp:term":[{"taxonomy":"category","embeddable":true,"href":"https:\/\/badreljundigallery.com\/en\/wp-json\/wp\/v2\/categories?post=4225"},{"taxonomy":"post_tag","embeddable":true,"href":"https:\/\/badreljundigallery.com\/en\/wp-json\/wp\/v2\/tags?post=4225"}],"curies":[{"name":"wp","href":"https:\/\/api.w.org\/{rel}","templated":true}]}}