{"id":4567,"date":"2022-05-26T15:44:35","date_gmt":"2022-05-26T13:44:35","guid":{"rendered":"https:\/\/badreljundigallery.com\/subasta-por-ucrania\/"},"modified":"2023-10-25T19:06:08","modified_gmt":"2023-10-25T17:06:08","slug":"subasta-por-ucrania","status":"publish","type":"post","link":"https:\/\/badreljundigallery.com\/en\/subasta-por-ucrania\/","title":{"rendered":"AUCTION FOR UKRAINE"},"content":{"rendered":"<div class=\"bm-builder clearfix \"><div id=\"\" class=\"module col-8 module-id-1696946849603 bm-wrap row-top row-left bm-wrap-height-auto col-offset-2\" data-module-col=\"8\" data-change-color=\"off\" data-backcolor=\"transparent\" data-frontcolor=\"\" data-logocolor=\"\" data-goto-top=\"off\" data-goto-top-spacing=\"0\" data-goto-disable-m=\"off\" data-groupsameheight=\"off\"><div class=\"module-inside group-inside\" style=\"--cornerRadius:0px 0px 0px 0px ; --top-mod: 0px;--bottom-mod: 0px;--top-mod-t: 0px;--bottom-mod-t: 0px;--top-mod-m:0px;--bottom-mod-m:0px;\" ><div id=\"\" class=\"module col-8 module-id-1696946849711\" data-module-col=\"8\"><div class=\"module-inside text-inside\" style=\"--top-mod: 40px;--bottom-mod: 40px;--top-mod-t: 40px;--bottom-mod-t: 40px;--top-mod-m:20px;--bottom-mod-m:20px;\" ><div class=\"text_block_out\"  data-effect=\"standard\" style=\"\"><div class=\"text_block ux-mod-nobg\"><div class=\"text_block_inn\"><div id=\"text-1696946849711\" class=\"text_block_centered text_block_centered_enable_width\"  style=\"\"><h1 class=\"ct-single__post-title\">AUCTION FOR UKRAINE<\/h1><\/div><\/div><\/div><\/div><\/div><\/div><div id=\"\" class=\"module col-12 module-id-1696946849774\" data-module-col=\"12\"><div class=\"module-inside single-image-inside\" style=\"--cornerRadius:0px 0px 0px 0px ; --top-mod: 0px;--bottom-mod: 40px;--top-mod-t: 0px;--bottom-mod-t: 40px;--top-mod-m:0px;--bottom-mod-m:20px;\" ><div class=\"single-image-out  \"  ><figure class=\"single-image   single-image-full   \" no><div class=\"ux-hover-wrap anima-wrap\" style=\"padding-top: 60.533333333333%;\"><span class=\"ux-hover-wrap-a\"><img loading=\"lazy\" decoding=\"async\" alt=\"subasta ucrania\" class=\"single-image-img img1st lazy \" src=\"data:image\/gif;base64,R0lGODlhAQABAIAAAAAAAP\/\/\/yH5BAEAAAAALAAAAAABAAEAAAIBRAA7\" data-src=\"https:\/\/badreljundigallery.com\/wp-content\/uploads\/2023\/09\/subasta-ucrania-750x454-1.jpeg\" data-srcset=\"https:\/\/badreljundigallery.com\/wp-content\/uploads\/2023\/09\/subasta-ucrania-750x454-1.jpeg 750w, https:\/\/badreljundigallery.com\/wp-content\/uploads\/2023\/09\/subasta-ucrania-750x454-1-300x182.jpeg 300w, https:\/\/badreljundigallery.com\/wp-content\/uploads\/2023\/09\/subasta-ucrania-750x454-1-350x212.jpeg 350w, https:\/\/badreljundigallery.com\/wp-content\/uploads\/2023\/09\/subasta-ucrania-750x454-1-arttheme-standard-thumb-650x393.jpeg 650w\" data-sizes=\"(max-width: 480px) 320px,(max-width: 767px) 500px,(max-width: 750px) 100vw, 750px\" width=\"750\" height=\"454\" \/><\/span><\/div><\/figure><\/div><\/div><\/div><div id=\"\" class=\"module col-8 module-id-16969468496030\" data-module-col=\"8\"><div class=\"module-inside text-inside\" style=\"--top-mod: 0px;--bottom-mod: 0px;--top-mod-t: 0px;--bottom-mod-t: 0px;--top-mod-m:0px;--bottom-mod-m:0px;\" ><div class=\"text_block_out\"  data-effect=\"standard\" style=\"\"><div class=\"text_block ux-mod-nobg\"><div class=\"text_block_inn\"><div id=\"text-16969468496030\" class=\"text_block_centered text_block_centered_enable_width\"  style=\"\"><p>Badr El Jundi + ARTIZENSE, a communication consultancy specializing in Art and Culture, came together last March 2022 for a good cause: Raising funds for Ukrainian children. Both organisations are closely following the tragic situation in Ukraine and stand by those severely affected by this war. For this reason, they proposed an auction of artworks, on March 14 and 15, that raised \u20ac22,500 in favor of Save the Children Spain and its campaign for Ukraine.<\/p>\r\n<p>&nbsp;<\/p>\r\n<p>Special thanks to all people involved, and specially to the artists that have supported this initiative; Iv\u00e1n Forcadell, Matthew Eguavoen, Cecilia Granara, Clara Cebri\u00e1n, Armando Mes\u00edas, Luc\u00eda Tello, Paola Angelini, Ella Bril, Nasim Hantehzadeh, Margaux Henry-Thieullent, Alexander James, Jonni Cheatwood, Hannah Knox, Anna Nero, Tosin Kalejaye, Hannah Tilson, Wendy White, Mar\u00eda Alcaide, Marilyn Sonneveld, Mercedes Pimiento, Claribel Calderius, Alessandro Fogo, Natalia Dom\u00ednguez and Armando Mes\u00edas.<\/p>\r\n<p>&nbsp;<\/p>\r\n<p>Media partner: Artland<\/p><\/div><\/div><\/div><\/div><\/div><\/div><div id=\"\" class=\"module col-12 module-id-1696946849934\" data-module-col=\"12\"><div class=\"module-inside text-inside\" style=\"--top-mod: 0px;--bottom-mod: 0px;--top-mod-t: 0px;--bottom-mod-t: 0px;--top-mod-m:0px;--bottom-mod-m:0px;\" ><div class=\"text_block_out\"  data-effect=\"standard\" style=\"\"><div class=\"text_block ux-mod-nobg\"><div class=\"text_block_inn\"><div id=\"text-1696946849934\" class=\"text_block_centered text_block_centered_enable_width\"  style=\"\"><p><a class=\"link-noticias\" href=\"\/en\/news\">Back to news<\/a><\/p><\/div><\/div><\/div><\/div><\/div><\/div><\/div><\/div><div id=\"\" class=\"module col-8 module-id-1696946849997 bm-wrap row-middle row-left bm-wrap-height-auto\" data-module-col=\"8\" data-change-color=\"off\" data-backcolor=\"transparent\" data-frontcolor=\"\" data-logocolor=\"\" data-goto-top=\"off\" data-goto-top-spacing=\"0\" data-goto-disable-m=\"off\" data-groupsameheight=\"off\"><div class=\"module-inside group-inside\" style=\"--top-mod: 140px;--bottom-mod: 60px;--top-mod-t: 140px;--bottom-mod-t: 60px;--top-mod-m:70px;--bottom-mod-m:70px;\" ><div id=\"\" class=\"module col-8 module-id-169694685072\" data-module-col=\"8\"><div class=\"module-inside text-inside\" style=\"--top-mod: 0px;--bottom-mod: 40px;--top-mod-t: 0px;--bottom-mod-t: 40px;--top-mod-m:0px;--bottom-mod-m:20px;\" ><div class=\"text_block_out\"  data-effect=\"standard\" style=\"\"><div class=\"text_block ux-mod-nobg\"><div class=\"text_block_inn\"><div id=\"text-169694685072\" class=\"text_block_centered text_block_centered_enable_width\"  style=\"\"><h3 style=\"font-size: 4vw;\">Subscribe to receive news about our exhibitions, artists and events.<\/h3><\/div><\/div><\/div><\/div><\/div><\/div><\/div><\/div><\/div>","protected":false},"excerpt":{"rendered":"<p>AUCTION FOR UKRAINEBadr El Jundi + ARTIZENSE, a communication consultancy &hellip;<\/p>\n","protected":false},"author":1,"featured_media":3651,"comment_status":"closed","ping_status":"closed","sticky":false,"template":"","format":"standard","meta":{"inline_featured_image":false,"footnotes":""},"categories":[38],"tags":[],"class_list":["post-4567","post","type-post","status-publish","format-standard","has-post-thumbnail","hentry","category-news"],"yoast_head":"<!-- This site is optimized with the Yoast SEO plugin v26.6 - https:\/\/yoast.com\/wordpress\/plugins\/seo\/ -->\n<title>AUCTION FOR UKRAINE - Badr El Jundi | art gallery, Madrid, Espa\u00f1a<\/title>\n<meta name=\"robots\" content=\"index, follow, max-snippet:-1, max-image-preview:large, max-video-preview:-1\" \/>\n<link rel=\"canonical\" href=\"https:\/\/badreljundigallery.com\/en\/subasta-por-ucrania\/\" \/>\n<meta property=\"og:locale\" content=\"en_US\" \/>\n<meta property=\"og:type\" content=\"article\" \/>\n<meta property=\"og:title\" content=\"AUCTION FOR UKRAINE - Badr El Jundi | art gallery, Madrid, Espa\u00f1a\" \/>\n<meta property=\"og:description\" content=\"AUCTION FOR UKRAINEBadr El Jundi + ARTIZENSE, a communication consultancy &hellip;\" \/>\n<meta property=\"og:url\" content=\"https:\/\/badreljundigallery.com\/en\/subasta-por-ucrania\/\" \/>\n<meta property=\"og:site_name\" content=\"Badr El Jundi | art gallery, Madrid, Espa\u00f1a\" \/>\n<meta property=\"article:published_time\" content=\"2022-05-26T13:44:35+00:00\" \/>\n<meta property=\"article:modified_time\" content=\"2023-10-25T17:06:08+00:00\" \/>\n<meta property=\"og:image\" content=\"https:\/\/badreljundigallery.com\/wp-content\/uploads\/2023\/09\/subasta-ucrania-750x454-1.jpeg\" \/>\n\t<meta property=\"og:image:width\" content=\"750\" \/>\n\t<meta property=\"og:image:height\" content=\"454\" \/>\n\t<meta property=\"og:image:type\" content=\"image\/jpeg\" \/>\n<meta name=\"author\" content=\"jeosaphat\" \/>\n<meta name=\"twitter:card\" content=\"summary_large_image\" \/>\n<meta name=\"twitter:label1\" content=\"Written by\" \/>\n\t<meta name=\"twitter:data1\" content=\"jeosaphat\" \/>\n<script type=\"application\/ld+json\" class=\"yoast-schema-graph\">{\"@context\":\"https:\/\/schema.org\",\"@graph\":[{\"@type\":\"WebPage\",\"@id\":\"https:\/\/badreljundigallery.com\/en\/subasta-por-ucrania\/\",\"url\":\"https:\/\/badreljundigallery.com\/en\/subasta-por-ucrania\/\",\"name\":\"AUCTION FOR UKRAINE - Badr El Jundi | art gallery, Madrid, Espa\u00f1a\",\"isPartOf\":{\"@id\":\"https:\/\/badreljundigallery.com\/en\/#website\"},\"primaryImageOfPage\":{\"@id\":\"https:\/\/badreljundigallery.com\/en\/subasta-por-ucrania\/#primaryimage\"},\"image\":{\"@id\":\"https:\/\/badreljundigallery.com\/en\/subasta-por-ucrania\/#primaryimage\"},\"thumbnailUrl\":\"https:\/\/badreljundigallery.com\/wp-content\/uploads\/2023\/09\/subasta-ucrania-750x454-1.jpeg\",\"datePublished\":\"2022-05-26T13:44:35+00:00\",\"dateModified\":\"2023-10-25T17:06:08+00:00\",\"author\":{\"@id\":\"https:\/\/badreljundigallery.com\/en\/#\/schema\/person\/76b216190aac374089097e3eecdab448\"},\"breadcrumb\":{\"@id\":\"https:\/\/badreljundigallery.com\/en\/subasta-por-ucrania\/#breadcrumb\"},\"inLanguage\":\"en-US\",\"potentialAction\":[{\"@type\":\"ReadAction\",\"target\":[\"https:\/\/badreljundigallery.com\/en\/subasta-por-ucrania\/\"]}]},{\"@type\":\"ImageObject\",\"inLanguage\":\"en-US\",\"@id\":\"https:\/\/badreljundigallery.com\/en\/subasta-por-ucrania\/#primaryimage\",\"url\":\"https:\/\/badreljundigallery.com\/wp-content\/uploads\/2023\/09\/subasta-ucrania-750x454-1.jpeg\",\"contentUrl\":\"https:\/\/badreljundigallery.com\/wp-content\/uploads\/2023\/09\/subasta-ucrania-750x454-1.jpeg\",\"width\":750,\"height\":454},{\"@type\":\"BreadcrumbList\",\"@id\":\"https:\/\/badreljundigallery.com\/en\/subasta-por-ucrania\/#breadcrumb\",\"itemListElement\":[{\"@type\":\"ListItem\",\"position\":1,\"name\":\"Front page\",\"item\":\"https:\/\/badreljundigallery.com\/en\/\"},{\"@type\":\"ListItem\",\"position\":2,\"name\":\"AUCTION FOR UKRAINE\"}]},{\"@type\":\"WebSite\",\"@id\":\"https:\/\/badreljundigallery.com\/en\/#website\",\"url\":\"https:\/\/badreljundigallery.com\/en\/\",\"name\":\"Badr El Jundi | art gallery, Madrid, Espa\u00f1a\",\"description\":\"Badr El Jundi | art gallery, Madrid, Espa\u00f1a\",\"potentialAction\":[{\"@type\":\"SearchAction\",\"target\":{\"@type\":\"EntryPoint\",\"urlTemplate\":\"https:\/\/badreljundigallery.com\/en\/?s={search_term_string}\"},\"query-input\":{\"@type\":\"PropertyValueSpecification\",\"valueRequired\":true,\"valueName\":\"search_term_string\"}}],\"inLanguage\":\"en-US\"},{\"@type\":\"Person\",\"@id\":\"https:\/\/badreljundigallery.com\/en\/#\/schema\/person\/76b216190aac374089097e3eecdab448\",\"name\":\"jeosaphat\",\"image\":{\"@type\":\"ImageObject\",\"inLanguage\":\"en-US\",\"@id\":\"https:\/\/badreljundigallery.com\/en\/#\/schema\/person\/image\/\",\"url\":\"https:\/\/secure.gravatar.com\/avatar\/d247ab40f494277684dd0e3edba8faa81c6ee44f072169935779bd9e86791d4e?s=96&d=mm&r=g\",\"contentUrl\":\"https:\/\/secure.gravatar.com\/avatar\/d247ab40f494277684dd0e3edba8faa81c6ee44f072169935779bd9e86791d4e?s=96&d=mm&r=g\",\"caption\":\"jeosaphat\"},\"sameAs\":[\"https:\/\/badreljundigallery.com\"],\"url\":\"https:\/\/badreljundigallery.com\/en\/author\/badr_admin\/\"}]}<\/script>\n<!-- \/ Yoast SEO plugin. -->","yoast_head_json":{"title":"AUCTION FOR UKRAINE - Badr El Jundi | art gallery, Madrid, Espa\u00f1a","robots":{"index":"index","follow":"follow","max-snippet":"max-snippet:-1","max-image-preview":"max-image-preview:large","max-video-preview":"max-video-preview:-1"},"canonical":"https:\/\/badreljundigallery.com\/en\/subasta-por-ucrania\/","og_locale":"en_US","og_type":"article","og_title":"AUCTION FOR UKRAINE - Badr El Jundi | art gallery, Madrid, Espa\u00f1a","og_description":"AUCTION FOR UKRAINEBadr El Jundi + ARTIZENSE, a communication consultancy &hellip;","og_url":"https:\/\/badreljundigallery.com\/en\/subasta-por-ucrania\/","og_site_name":"Badr El Jundi | art gallery, Madrid, Espa\u00f1a","article_published_time":"2022-05-26T13:44:35+00:00","article_modified_time":"2023-10-25T17:06:08+00:00","og_image":[{"width":750,"height":454,"url":"https:\/\/badreljundigallery.com\/wp-content\/uploads\/2023\/09\/subasta-ucrania-750x454-1.jpeg","type":"image\/jpeg"}],"author":"jeosaphat","twitter_card":"summary_large_image","twitter_misc":{"Written by":"jeosaphat"},"schema":{"@context":"https:\/\/schema.org","@graph":[{"@type":"WebPage","@id":"https:\/\/badreljundigallery.com\/en\/subasta-por-ucrania\/","url":"https:\/\/badreljundigallery.com\/en\/subasta-por-ucrania\/","name":"AUCTION FOR UKRAINE - Badr El Jundi | art gallery, Madrid, Espa\u00f1a","isPartOf":{"@id":"https:\/\/badreljundigallery.com\/en\/#website"},"primaryImageOfPage":{"@id":"https:\/\/badreljundigallery.com\/en\/subasta-por-ucrania\/#primaryimage"},"image":{"@id":"https:\/\/badreljundigallery.com\/en\/subasta-por-ucrania\/#primaryimage"},"thumbnailUrl":"https:\/\/badreljundigallery.com\/wp-content\/uploads\/2023\/09\/subasta-ucrania-750x454-1.jpeg","datePublished":"2022-05-26T13:44:35+00:00","dateModified":"2023-10-25T17:06:08+00:00","author":{"@id":"https:\/\/badreljundigallery.com\/en\/#\/schema\/person\/76b216190aac374089097e3eecdab448"},"breadcrumb":{"@id":"https:\/\/badreljundigallery.com\/en\/subasta-por-ucrania\/#breadcrumb"},"inLanguage":"en-US","potentialAction":[{"@type":"ReadAction","target":["https:\/\/badreljundigallery.com\/en\/subasta-por-ucrania\/"]}]},{"@type":"ImageObject","inLanguage":"en-US","@id":"https:\/\/badreljundigallery.com\/en\/subasta-por-ucrania\/#primaryimage","url":"https:\/\/badreljundigallery.com\/wp-content\/uploads\/2023\/09\/subasta-ucrania-750x454-1.jpeg","contentUrl":"https:\/\/badreljundigallery.com\/wp-content\/uploads\/2023\/09\/subasta-ucrania-750x454-1.jpeg","width":750,"height":454},{"@type":"BreadcrumbList","@id":"https:\/\/badreljundigallery.com\/en\/subasta-por-ucrania\/#breadcrumb","itemListElement":[{"@type":"ListItem","position":1,"name":"Front page","item":"https:\/\/badreljundigallery.com\/en\/"},{"@type":"ListItem","position":2,"name":"AUCTION FOR UKRAINE"}]},{"@type":"WebSite","@id":"https:\/\/badreljundigallery.com\/en\/#website","url":"https:\/\/badreljundigallery.com\/en\/","name":"Badr El Jundi | art gallery, Madrid, Espa\u00f1a","description":"Badr El Jundi | art gallery, Madrid, Espa\u00f1a","potentialAction":[{"@type":"SearchAction","target":{"@type":"EntryPoint","urlTemplate":"https:\/\/badreljundigallery.com\/en\/?s={search_term_string}"},"query-input":{"@type":"PropertyValueSpecification","valueRequired":true,"valueName":"search_term_string"}}],"inLanguage":"en-US"},{"@type":"Person","@id":"https:\/\/badreljundigallery.com\/en\/#\/schema\/person\/76b216190aac374089097e3eecdab448","name":"jeosaphat","image":{"@type":"ImageObject","inLanguage":"en-US","@id":"https:\/\/badreljundigallery.com\/en\/#\/schema\/person\/image\/","url":"https:\/\/secure.gravatar.com\/avatar\/d247ab40f494277684dd0e3edba8faa81c6ee44f072169935779bd9e86791d4e?s=96&d=mm&r=g","contentUrl":"https:\/\/secure.gravatar.com\/avatar\/d247ab40f494277684dd0e3edba8faa81c6ee44f072169935779bd9e86791d4e?s=96&d=mm&r=g","caption":"jeosaphat"},"sameAs":["https:\/\/badreljundigallery.com"],"url":"https:\/\/badreljundigallery.com\/en\/author\/badr_admin\/"}]}},"_links":{"self":[{"href":"https:\/\/badreljundigallery.com\/en\/wp-json\/wp\/v2\/posts\/4567","targetHints":{"allow":["GET"]}}],"collection":[{"href":"https:\/\/badreljundigallery.com\/en\/wp-json\/wp\/v2\/posts"}],"about":[{"href":"https:\/\/badreljundigallery.com\/en\/wp-json\/wp\/v2\/types\/post"}],"author":[{"embeddable":true,"href":"https:\/\/badreljundigallery.com\/en\/wp-json\/wp\/v2\/users\/1"}],"replies":[{"embeddable":true,"href":"https:\/\/badreljundigallery.com\/en\/wp-json\/wp\/v2\/comments?post=4567"}],"version-history":[{"count":2,"href":"https:\/\/badreljundigallery.com\/en\/wp-json\/wp\/v2\/posts\/4567\/revisions"}],"predecessor-version":[{"id":4578,"href":"https:\/\/badreljundigallery.com\/en\/wp-json\/wp\/v2\/posts\/4567\/revisions\/4578"}],"wp:featuredmedia":[{"embeddable":true,"href":"https:\/\/badreljundigallery.com\/en\/wp-json\/wp\/v2\/media\/3651"}],"wp:attachment":[{"href":"https:\/\/badreljundigallery.com\/en\/wp-json\/wp\/v2\/media?parent=4567"}],"wp:term":[{"taxonomy":"category","embeddable":true,"href":"https:\/\/badreljundigallery.com\/en\/wp-json\/wp\/v2\/categories?post=4567"},{"taxonomy":"post_tag","embeddable":true,"href":"https:\/\/badreljundigallery.com\/en\/wp-json\/wp\/v2\/tags?post=4567"}],"curies":[{"name":"wp","href":"https:\/\/api.w.org\/{rel}","templated":true}]}}